{"id":884,"date":"2025-04-22T14:12:21","date_gmt":"2025-04-22T14:12:21","guid":{"rendered":"https:\/\/lygosdental.com\/cuidados-dentari%cc%87os-para-criancas\/"},"modified":"2026-04-27T14:35:05","modified_gmt":"2026-04-27T14:35:05","slug":"cocuklar-icin-dis-bakimi","status":"publish","type":"post","link":"https:\/\/lygosdental.com\/tr\/cocuklar-icin-dis-bakimi\/","title":{"rendered":"\u00c7ocuklar \u0130\u00e7in Di\u015f Bak\u0131m\u0131"},"content":{"rendered":"\n<h2 class=\"wp-block-heading\" id=\"cocuklar-icin-dis-bakimi-neden-onemlidir\"><b>\u00c7ocuklar \u0130\u00e7in Di\u015f Bak\u0131m\u0131 Neden \u00d6nemlidir<\/b><\/h2>\n\n\n\n<p><span style=\"font-weight: 400;\">S\u00fct di\u015fleri \u00e7ocuklar\u0131n rahat\u00e7a \u00e7i\u011fnemesine, net konu\u015fmas\u0131na ve kal\u0131c\u0131 di\u015flerin do\u011fru konumlanmas\u0131na yard\u0131mc\u0131 olur. S\u00fct di\u015flerindeki \u00e7\u00fcr\u00fckler a\u011fr\u0131ya, enfeksiyonlara, okul g\u00fcnlerinin ka\u00e7\u0131r\u0131lmas\u0131na neden olabilir ve yeme ve uyku d\u00fczenini de etkileyebilir. Erken ya\u015fta kazan\u0131lan al\u0131\u015fkanl\u0131klar, <a href=\"https:\/\/lygosdental.com\/tr\/cocuklariniza-dis-fircalamayi-nasil-ogretirsiniz\/\">f\u0131r\u00e7alama<\/a> ve di\u015f hekimi ziyaretlerini normalle\u015ftirerek \u00e7ocuklar\u0131n ileride bak\u0131ma diren\u00e7 g\u00f6stermesini azalt\u0131r.<\/span><\/p>\n\n\n\n<h2 class=\"wp-block-heading\" id=\"dis-fircalamaya-ne-zaman-baslanmali-ve-ne-kadar-dis-macunu-kullanilmali\"><b>Di\u015f F\u0131r\u00e7alamaya Ne Zaman Ba\u015flanmal\u0131 ve Ne Kadar Di\u015f Macunu Kullan\u0131lmal\u0131<\/b><\/h2>\n\n\n\n<p><span style=\"font-weight: 400;\"><a href=\"https:\/\/lygosdental.com\/tr\/sigarayi-biraktiktan-sonra-disler-beyazlasir-mi\/\">A\u011f\u0131z bak\u0131m\u0131<\/a> do\u011fumda ba\u015flar. Di\u015fler \u00e7\u0131kmadan \u00f6nce, bebe\u011finizin di\u015f etlerini temiz ve nemli bir bezle g\u00fcnde bir kez nazik\u00e7e silin.<\/span><\/p>\n\n\n\n<p><span style=\"font-weight: 400;\">\u0130lk di\u015f \u00e7\u0131kt\u0131\u011f\u0131nda (genellikle 6. ay civar\u0131), ya\u015fa uygun yumu\u015fak bir <a href=\"https:\/\/lygosdental.com\/tr\/dis-fircasi-olmadan-dislerinizi-nasil-temizlersiniz\/\">di\u015f f\u0131r\u00e7as\u0131<\/a> ile g\u00fcnde iki kez f\u0131r\u00e7alay\u0131n. 3 ya\u015f\u0131na kadar, bir pirin\u00e7 tanesi b\u00fcy\u00fckl\u00fc\u011f\u00fcnde flor\u00fcrl\u00fc <a href=\"https:\/\/lygosdental.com\/tr\/puf-noktalari-dis-macununuzu-unuttunuz-simdi-ne-yapacaksiniz\/\">di\u015f macunu<\/a> kullan\u0131n.<\/span><\/p>\n\n\n\n<p><span style=\"font-weight: 400;\">3 ila 6 ya\u015f aras\u0131nda, flor\u00fcrl\u00fc di\u015f macunu miktar\u0131n\u0131 bezelye tanesi b\u00fcy\u00fckl\u00fc\u011f\u00fcne \u00e7\u0131kar\u0131n. F\u0131r\u00e7alamay\u0131 denetleyin ve \u00e7ocu\u011funuzun di\u015f macununu t\u00fck\u00fcrmesine yard\u0131mc\u0131 olun; k\u00fc\u00e7\u00fck \u00e7ocuklar kendi ba\u015flar\u0131na etkili f\u0131r\u00e7alayamaz.<\/span><\/p>\n\n\n\n<figure class=\"wp-block-image\"><img decoding=\"async\" src=\"https:\/\/lygosdental.com\/\/wp-content\/uploads\/2025\/04\/Adsiz-tasarim-42_result.webp\" alt=\"\u00c7ocuklar \u0130\u00e7in Di\u015f Bak\u0131m\u0131 Neden \u00d6nemlidir?\" title=\"\"><\/figure>\n\n\n\n<div class=\"wp-block-rank-math-toc-block\" id=\"rank-math-toc\"><h2>\u0130\u00e7indekiler<\/h2><nav><ul><li class=\"\"><a href=\"#cocuklar-icin-dis-bakimi-neden-onemlidir\">\u00c7ocuklar \u0130\u00e7in Di\u015f Bak\u0131m\u0131 Neden \u00d6nemlidir<\/a><\/li><li class=\"\"><a href=\"#dis-fircalamaya-ne-zaman-baslanmali-ve-ne-kadar-dis-macunu-kullanilmali\">Di\u015f F\u0131r\u00e7alamaya Ne Zaman Ba\u015flanmal\u0131 ve Ne Kadar Di\u015f Macunu Kullan\u0131lmal\u0131<\/a><\/li><li class=\"\"><a href=\"#iyi-dis-aliskanliklari-nasil-gelistirilir\">\u0130yi Di\u015f Al\u0131\u015fkanl\u0131klar\u0131 Nas\u0131l Geli\u015ftirilir<\/a><\/li><li class=\"\"><a href=\"#cocuklar-icin-dis-fircasi-ve-dis-macunu-secimi\">\u00c7ocuklar \u0130\u00e7in Di\u015f F\u0131r\u00e7as\u0131 ve Di\u015f Macunu Se\u00e7imi<\/a><ul><li class=\"\"><a href=\"#dis-fircalari\">Di\u015f F\u0131r\u00e7alar\u0131<\/a><\/li><li class=\"\"><a href=\"#dis-macunlari\">Di\u015f Macunlar\u0131<\/a><\/li><\/ul><\/li><li class=\"\"><a href=\"#ilk-dis-hekimi-ziyareti-ne-zaman-olmali\">\u0130lk Di\u015f Hekimi Ziyareti Ne Zaman Olmal\u0131<\/a><\/li><li class=\"\"><a href=\"#yaygin-dis-problemleri-ve-onleme-yontemleri\">Yayg\u0131n Di\u015f Problemleri ve \u00d6nleme Y\u00f6ntemleri<\/a><ul><li class=\"\"><a href=\"#dis-curukleri\">Di\u015f \u00c7\u00fcr\u00fckleri<\/a><\/li><li class=\"\"><a href=\"#erken-dis-kaybi\">Erken Di\u015f Kayb\u0131<\/a><\/li><li class=\"\"><a href=\"#dis-eti-tahrisi-gingivit\">Di\u015f Eti Tahri\u015fi (Gingivit)<\/a><\/li><li class=\"\"><a href=\"#parmak-emme-ve-emzik-kullanimi\">Parmak Emme ve Emzik Kullan\u0131m\u0131<\/a><\/li><\/ul><\/li><li class=\"\"><a href=\"#cocuklar-icin-dis-bakimiyla-ilgili-sik-sorulan-sorular\">\u00c7ocuklar \u0130\u00e7in Di\u015f Bak\u0131m\u0131yla \u0130lgili S\u0131k Sorulan Sorular<\/a><ul><li class=\"\"><a href=\"#faq-question-1772433919763\">\u00c7ocuklar i\u00e7in en iyi di\u015f rutini nedir?<\/a><\/li><li class=\"\"><a href=\"#faq-question-1772433952736\">\u00c7ocuklar\u0131n\u0131z\u0131n di\u015flerine nas\u0131l bak\u0131l\u0131r?<\/a><\/li><li class=\"\"><a href=\"#faq-question-1772433961606\">Bir \u00e7ocu\u011fun di\u015f bak\u0131m\u0131na ba\u015flamas\u0131 i\u00e7in \u00f6nerilen ya\u015f nedir?<\/a><\/li><li class=\"\"><a href=\"#faq-question-1772433966635\">\u00c7ocuklar i\u00e7in en iyi di\u015f macunu hangisidir?<\/a><\/li><li class=\"\"><a href=\"#faq-question-1772433979269\">\u00c7ocuklar flor\u00fcrl\u00fc di\u015f macununu ne zaman kullanmaya ba\u015flamal\u0131?<\/a><\/li><\/ul><\/li><\/ul><\/nav><\/div>\n\n\n\n<h2 class=\"wp-block-heading\" id=\"iyi-dis-aliskanliklari-nasil-gelistirilir\"><b>\u0130yi Di\u015f Al\u0131\u015fkanl\u0131klar\u0131 Nas\u0131l Geli\u015ftirilir<\/b><\/h2>\n\n\n\n<p><span style=\"font-weight: 400;\">F\u0131r\u00e7alama al\u0131\u015fkanl\u0131\u011f\u0131 \u00f6ng\u00f6r\u00fclebilir ve olumlu oldu\u011funda \u00e7ocuklar daha h\u0131zl\u0131 \u00f6\u011frenir. G\u00fcnde iki kez, iki dakika hedefleyin ve i\u015f birli\u011fi zaman alsa bile sakin kalmaya \u00e7al\u0131\u015f\u0131n.<\/span><\/p>\n\n\n\n<ul class=\"wp-block-list\">\n<li><span style=\"font-weight: 400;\">\u00d6rnek olun: \u00e7ocu\u011funuzun sizi f\u0131r\u00e7alarken ve di\u015f ipi kullan\u0131rken g\u00f6rmesini sa\u011flay\u0131n.<\/span><\/li>\n\n\n\n<li><span style=\"font-weight: 400;\">F\u0131r\u00e7alama s\u00fcresini ayarlamak i\u00e7in zamanlay\u0131c\u0131 veya iki dakikal\u0131k bir \u015fark\u0131 kullan\u0131n.<\/span><\/li>\n\n\n\n<li><span style=\"font-weight: 400;\">S\u00fcrekli f\u0131r\u00e7alama i\u00e7in \u00e7\u0131kartma tablosu gibi basit bir \u00f6d\u00fcl sistemi olu\u015fturun.<\/span><\/li>\n\n\n\n<li><span style=\"font-weight: 400;\">Sabah ve ak\u015fam birlikte f\u0131r\u00e7alayarak aile rutini haline getirin.<\/span><\/li>\n<\/ul>\n\n\n\n<p><span style=\"font-weight: 400;\">\u00c7ocu\u011funuz f\u0131r\u00e7alamaya kar\u015f\u0131 \u00e7\u0131k\u0131yorsa, k\u00fc\u00e7\u00fck ba\u015flay\u0131n ve zamanla art\u0131r\u0131n. G\u00fcnde iki kez 30 saniye bile tam iki dakikaya ula\u015fana kadar faydal\u0131 bir ilk ad\u0131md\u0131r.<\/span><\/p>\n\n\n\n<h2 class=\"wp-block-heading\" id=\"cocuklar-icin-dis-fircasi-ve-dis-macunu-secimi\"><b>\u00c7ocuklar \u0130\u00e7in Di\u015f F\u0131r\u00e7as\u0131 ve Di\u015f Macunu Se\u00e7imi<\/b><\/h2>\n\n\n\n<p><span style=\"font-weight: 400;\">En iyi \u00fcr\u00fcnler \u00e7ocu\u011funuzun ger\u00e7ekten kullanaca\u011f\u0131 \u00fcr\u00fcnlerdir. Rahat bir sap, k\u00fc\u00e7\u00fck bir f\u0131r\u00e7a ba\u015f\u0131 ve yumu\u015fak k\u0131llar aray\u0131n.<\/span><\/p>\n\n\n\n<h3 class=\"wp-block-heading\" id=\"dis-fircalari\"><b>Di\u015f F\u0131r\u00e7alar\u0131<\/b><\/h3>\n\n\n\n<ul class=\"wp-block-list\">\n<li><span style=\"font-weight: 400;\">Di\u015f etlerini ve mineyi korumak i\u00e7in yumu\u015fak k\u0131llar.<\/span><\/li>\n\n\n\n<li><span style=\"font-weight: 400;\">Arka di\u015flere kolayca ula\u015fmak i\u00e7in k\u00fc\u00e7\u00fck ba\u015fl\u0131k.<\/span><\/li>\n\n\n\n<li><span style=\"font-weight: 400;\">\u0130lgiyi art\u0131rmak i\u00e7in e\u011flenceli tasar\u0131m veya favori karakter.<\/span><\/li>\n\n\n\n<li><span style=\"font-weight: 400;\">Opsiyonel: \u00e7ocuk boyutunda elektrikli di\u015f f\u0131r\u00e7as\u0131 baz\u0131 \u00e7ocuklar\u0131n daha etkili f\u0131r\u00e7alamas\u0131na yard\u0131mc\u0131 olabilir.<\/span><\/li>\n<\/ul>\n\n\n\n<h3 class=\"wp-block-heading\" id=\"dis-macunlari\"><b>Di\u015f Macunlar\u0131<\/b><\/h3>\n\n\n\n<ul class=\"wp-block-list\">\n<li><span style=\"font-weight: 400;\">Flor\u00fcr \u00e7\u00fcr\u00fckleri \u00f6nlemeye yard\u0131mc\u0131 olur; ya\u015fa uygun bir form\u00fcl se\u00e7in.<\/span><\/li>\n\n\n\n<li><span style=\"font-weight: 400;\">Hafif ve \u00e7ocuk dostu bir aroma direnci azaltabilir.<\/span><\/li>\n\n\n\n<li><span style=\"font-weight: 400;\">G\u00fcvenilir di\u015f hekimli\u011fi onay\u0131 veya a\u00e7\u0131k flor\u00fcr etiketi kontrol edin.<\/span><\/li>\n<\/ul>\n\n\n\n<figure class=\"wp-block-image\"><img decoding=\"async\" src=\"https:\/\/lygosdental.com\/\/wp-content\/uploads\/2025\/04\/Adsiz-tasarim-43_result-768x634.webp\" alt=\"\u00c7ocuklara \u0130yi Di\u015f Al\u0131\u015fkanl\u0131klar\u0131 Nas\u0131l \u00d6\u011fretilir\" title=\"\"><\/figure>\n\n\n\n<p><\/p>\n\n\n\n<h2 class=\"wp-block-heading\" id=\"ilk-dis-hekimi-ziyareti-ne-zaman-olmali\"><b>\u0130lk Di\u015f Hekimi Ziyareti Ne Zaman Olmal\u0131<\/b><\/h2>\n\n\n\n<p><span style=\"font-weight: 400;\">\u00c7ocu\u011funuzun ilk di\u015f hekimi ziyaretini birinci ya\u015f g\u00fcn\u00fcne kadar veya ilk di\u015fin \u00e7\u0131kmas\u0131ndan sonraki alt\u0131 ay i\u00e7inde planlay\u0131n. Bu erken randevu genellikle k\u0131sa s\u00fcrer ve i\u015flemlerden \u00e7ok \u00f6nleyici bak\u0131ma odaklan\u0131r.<\/span><\/p>\n\n\n\n<p><span style=\"font-weight: 400;\">Di\u015f hekiminiz b\u00fcy\u00fcme ve \u0131s\u0131r\u0131k geli\u015fimini kontrol edecek, \u00e7\u00fcr\u00fcklerin erken belirtilerini arayacak ve beslenme, f\u0131r\u00e7alama ve flor\u00fcr ihtiya\u00e7lar\u0131n\u0131 g\u00f6zden ge\u00e7irecektir. D\u00fczenli kontroller genellikle alt\u0131 ayda bir \u00f6nerilir, ancak risk durumuna g\u00f6re di\u015f hekiminiz farkl\u0131 bir takvim \u00f6nerebilir.<\/span><\/p>\n\n\n\n<h2 class=\"wp-block-heading\" id=\"yaygin-dis-problemleri-ve-onleme-yontemleri\"><b>Yayg\u0131n Di\u015f Problemleri ve \u00d6nleme Y\u00f6ntemleri<\/b><\/h2>\n\n\n\n<p><span style=\"font-weight: 400;\">\u0130yi al\u0131\u015fkanl\u0131klara ra\u011fmen, baz\u0131 \u00e7ocuklar beslenme, mine yap\u0131s\u0131, di\u015f s\u0131k\u0131\u015f\u0131kl\u0131\u011f\u0131 veya <a href=\"https:\/\/lygosdental.com\/tr\/agiz-kurulugunun-nedeni-nedir\/\">a\u011f\u0131z kurulu\u011fu<\/a> nedeniyle di\u015f sorunlar\u0131na daha yatk\u0131nd\u0131r. Problemleri erken fark etmek tedaviyi kolayla\u015ft\u0131r\u0131r ve rahats\u0131zl\u0131\u011f\u0131 azalt\u0131r.<\/span><\/p>\n\n\n\n<h3 class=\"wp-block-heading\" id=\"dis-curukleri\"><b>Di\u015f \u00c7\u00fcr\u00fckleri<\/b><\/h3>\n\n\n\n<p><span style=\"font-weight: 400;\">\u00c7\u00fcr\u00fckler, bakteriler \u015fekerle beslendi\u011finde ve mineyi zay\u0131flatan asitler \u00fcretti\u011finde olu\u015fur.<\/span><\/p>\n\n\n\n<p><span style=\"font-weight: 400;\">\u00d6nleme \u0130pu\u00e7lar\u0131:<\/span><\/p>\n\n\n\n<ul class=\"wp-block-list\">\n<li><span style=\"font-weight: 400;\">\u015eekerli at\u0131\u015ft\u0131rmal\u0131k ve i\u00e7ecekleri (\u00f6zellikle meyve suyu ve tatland\u0131r\u0131lm\u0131\u015f s\u00fct) s\u0131k t\u00fcketmekten ka\u00e7\u0131n\u0131n.<\/span><\/li>\n\n\n\n<li><span style=\"font-weight: 400;\">G\u00fcnde iki kez flor\u00fcrl\u00fc di\u015f macunu ile f\u0131r\u00e7alay\u0131n ve gece f\u0131r\u00e7alamada yard\u0131mc\u0131 olun.<\/span><\/li>\n\n\n\n<li><span style=\"font-weight: 400;\">D\u00fczenli di\u015f hekimi kontrollerini ihmal etmeyin ve ya\u015fa uygun oldu\u011funda flor\u00fcr verni\u011fi veya fiss\u00fcr \u00f6rt\u00fcc\u00fcleri hakk\u0131nda bilgi al\u0131n.<\/span><\/li>\n<\/ul>\n\n\n\n<h3 class=\"wp-block-heading\" id=\"erken-dis-kaybi\"><b>Erken Di\u015f Kayb\u0131<\/b><\/h3>\n\n\n\n<p><span style=\"font-weight: 400;\">S\u00fct di\u015flerinin erken kayb\u0131, bo\u015fluklar\u0131n korunmas\u0131n\u0131 ve kal\u0131c\u0131 di\u015flerin \u00e7\u0131k\u0131\u015f\u0131n\u0131 etkileyebilir.<\/span><\/p>\n\n\n\n<p><span style=\"font-weight: 400;\">\u00d6nleme \u0130pu\u00e7lar\u0131:<\/span><\/p>\n\n\n\n<ul class=\"wp-block-list\">\n<li><span style=\"font-weight: 400;\">Temasl\u0131 sporlar i\u00e7in a\u011f\u0131z koruyucu kullan\u0131n.<\/span><\/li>\n\n\n\n<li><span style=\"font-weight: 400;\">Biberon veya sulukla s\u00fct ya da meyve suyuyla uyumaktan ka\u00e7\u0131n\u0131n.<\/span><\/li>\n\n\n\n<li><span style=\"font-weight: 400;\">\u00c7\u00fcr\u00fckleri erken tedavi edin; enfeksiyonlar di\u015f kayb\u0131na yol a\u00e7abilir.<\/span><\/li>\n<\/ul>\n\n\n\n<h3 class=\"wp-block-heading\" id=\"dis-eti-tahrisi-gingivit\"><b>Di\u015f Eti Tahri\u015fi (Gingivit)<\/b><\/h3>\n\n\n\n<p><span style=\"font-weight: 400;\">K\u0131rm\u0131z\u0131, \u015fi\u015fmi\u015f veya kanayan di\u015f etleri, di\u015f eti \u00e7izgisi boyunca plak birikti\u011finin i\u015fareti olabilir.<\/span><\/p>\n\n\n\n<p><span style=\"font-weight: 400;\">\u00d6nleme \u0130pu\u00e7lar\u0131:<\/span><\/p>\n\n\n\n<ul class=\"wp-block-list\">\n<li><span style=\"font-weight: 400;\">Di\u015f eti \u00e7izgisinde nazik\u00e7e f\u0131r\u00e7alay\u0131n ve y\u0131pranm\u0131\u015f di\u015f f\u0131r\u00e7alar\u0131n\u0131 de\u011fi\u015ftirin.<\/span><\/li>\n\n\n\n<li><span style=\"font-weight: 400;\">\u0130ki di\u015f temas etti\u011finde di\u015f ipi kullanmaya ba\u015flay\u0131n.<\/span><\/li>\n\n\n\n<li><span style=\"font-weight: 400;\">F\u0131r\u00e7alama al\u0131\u015fkanl\u0131\u011f\u0131 geli\u015fmesine ra\u011fmen di\u015f etleri kanamaya devam ediyorsa profesyonel temizlik planlay\u0131n.<\/span><\/li>\n<\/ul>\n\n\n\n<h3 class=\"wp-block-heading\" id=\"parmak-emme-ve-emzik-kullanimi\"><b>Parmak Emme ve Emzik Kullan\u0131m\u0131<\/b><\/h3>\n\n\n\n<p><span style=\"font-weight: 400;\">Beslenme amac\u0131 ta\u015f\u0131mayan emme davran\u0131\u015f\u0131 bebeklerde yayg\u0131nd\u0131r, ancak uzun vadede al\u0131\u015fkanl\u0131klar \u0131s\u0131r\u0131k hizas\u0131n\u0131 etkileyebilir.<\/span><\/p>\n\n\n\n<p><span style=\"font-weight: 400;\">\u00d6nleme \u0130pu\u00e7lar\u0131:<\/span><\/p>\n\n\n\n<ul class=\"wp-block-list\">\n<li><span style=\"font-weight: 400;\">Yakla\u015f\u0131k 3 ya\u015f\u0131nda emzik ve parmak emme al\u0131\u015fkanl\u0131\u011f\u0131n\u0131 b\u0131rakmaya \u00e7al\u0131\u015f\u0131n.<\/span><\/li>\n\n\n\n<li><span style=\"font-weight: 400;\">Pozitif peki\u015ftirme kullan\u0131n ve ba\u015fka rahatlat\u0131c\u0131 rutinler sunun (battaniye, uyku \u00f6ncesi hikaye gibi).<\/span><\/li>\n\n\n\n<li><span style=\"font-weight: 400;\">Al\u0131\u015fkanl\u0131k devam ederse veya di\u015flerde kayma olursa, bir \u00e7ocuk di\u015f hekiminden yard\u0131m al\u0131n.<\/span><\/li>\n<\/ul>\n\n\n\n<h2 class=\"wp-block-heading\" id=\"cocuklar-icin-dis-bakimiyla-ilgili-sik-sorulan-sorular\"><b>\u00c7ocuklar \u0130\u00e7in Di\u015f Bak\u0131m\u0131yla \u0130lgili S\u0131k Sorulan Sorular<\/b><\/h2>\n\n\n<div id=\"rank-math-faq\" class=\"rank-math-block\">\n<div class=\"rank-math-list \">\n<div id=\"faq-question-1772433919763\" class=\"rank-math-list-item\">\n<h3 class=\"rank-math-question \">\u00c7ocuklar i\u00e7in en iyi di\u015f rutini nedir?<\/h3>\n<div class=\"rank-math-answer \">\n\n<p>G\u00fcnde iki kez f\u0131r\u00e7alay\u0131n, temas edince di\u015f ipi kullan\u0131n, \u015fekeri s\u0131n\u0131rlay\u0131n, kontrole gidin.<\/p>\n\n<\/div>\n<\/div>\n<div id=\"faq-question-1772433952736\" class=\"rank-math-list-item\">\n<h3 class=\"rank-math-question \">\u00c7ocuklar\u0131n\u0131z\u0131n di\u015flerine nas\u0131l bak\u0131l\u0131r?<\/h3>\n<div class=\"rank-math-answer \">\n\n<p>F\u0131r\u00e7alamay\u0131 denetleyin, flor\u00fcrl\u00fc macun kullan\u0131n, di\u015f ipi, \u015fekerli i\u00e7ece\u011fi s\u0131n\u0131rlay\u0131n, di\u015f hekimine gidin.<\/p>\n\n<\/div>\n<\/div>\n<div id=\"faq-question-1772433961606\" class=\"rank-math-list-item\">\n<h3 class=\"rank-math-question \">Bir \u00e7ocu\u011fun di\u015f bak\u0131m\u0131na ba\u015flamas\u0131 i\u00e7in \u00f6nerilen ya\u015f nedir?<\/h3>\n<div class=\"rank-math-answer \">\n\n<p>Do\u011fumdan ba\u015flay\u0131n ve ilk di\u015f hekimi ziyaretini bir ya\u015fa kadar veya ilk s\u00fcrmede planlay\u0131n.<\/p>\n\n<\/div>\n<\/div>\n<div id=\"faq-question-1772433966635\" class=\"rank-math-list-item\">\n<h3 class=\"rank-math-question \">\u00c7ocuklar i\u00e7in en iyi di\u015f macunu hangisidir?<\/h3>\n<div class=\"rank-math-answer \">\n\n<p>1.000\u20131.450 ppm flor\u00fcr i\u00e7eren, ya\u015fa uygun \u00e7ocuk di\u015f macunu se\u00e7in.<\/p>\n\n<\/div>\n<\/div>\n<div id=\"faq-question-1772433979269\" class=\"rank-math-list-item\">\n<h3 class=\"rank-math-question \">\u00c7ocuklar flor\u00fcrl\u00fc di\u015f macununu ne zaman kullanmaya ba\u015flamal\u0131?<\/h3>\n<div class=\"rank-math-answer \">\n\n<p>\u0130lk di\u015ften itibaren ince s\u00fcr\u00fcm kullan\u0131n, \u00fc\u00e7 ya\u015ftan itibaren bezelye kadar.<\/p>\n\n<\/div>\n<\/div>\n<\/div>\n<\/div>","protected":false},"excerpt":{"rendered":"<p>\u00c7ocuklar\u0131n sa\u011fl\u0131\u011f\u0131 s\u00f6z konusu oldu\u011funda, genellikle g\u00f6z ard\u0131 edilen bir alan di\u015f hijyenidir. \u00c7ocuklar i\u00e7in di\u015f bak\u0131m\u0131 sadece \u00e7\u00fcr\u00fckleri \u00f6nlemekle ilgili de\u011fildir.<\/p>\n","protected":false},"author":7,"featured_media":49222,"comment_status":"open","ping_status":"open","sticky":false,"template":"","format":"standard","meta":{"_acf_changed":false,"footnotes":""},"categories":[288,287],"tags":[329],"class_list":["post-884","post","type-post","status-publish","format-standard","has-post-thumbnail","hentry","category-blog","category-genel-dis-hekimligi","tag-dental-care-for-kids"],"acf":[],"_links":{"self":[{"href":"https:\/\/lygosdental.com\/tr\/wp-json\/wp\/v2\/posts\/884","targetHints":{"allow":["GET"]}}],"collection":[{"href":"https:\/\/lygosdental.com\/tr\/wp-json\/wp\/v2\/posts"}],"about":[{"href":"https:\/\/lygosdental.com\/tr\/wp-json\/wp\/v2\/types\/post"}],"author":[{"embeddable":true,"href":"https:\/\/lygosdental.com\/tr\/wp-json\/wp\/v2\/users\/7"}],"replies":[{"embeddable":true,"href":"https:\/\/lygosdental.com\/tr\/wp-json\/wp\/v2\/comments?post=884"}],"version-history":[{"count":5,"href":"https:\/\/lygosdental.com\/tr\/wp-json\/wp\/v2\/posts\/884\/revisions"}],"predecessor-version":[{"id":43405,"href":"https:\/\/lygosdental.com\/tr\/wp-json\/wp\/v2\/posts\/884\/revisions\/43405"}],"wp:featuredmedia":[{"embeddable":true,"href":"https:\/\/lygosdental.com\/tr\/wp-json\/wp\/v2\/media\/49222"}],"wp:attachment":[{"href":"https:\/\/lygosdental.com\/tr\/wp-json\/wp\/v2\/media?parent=884"}],"wp:term":[{"taxonomy":"category","embeddable":true,"href":"https:\/\/lygosdental.com\/tr\/wp-json\/wp\/v2\/categories?post=884"},{"taxonomy":"post_tag","embeddable":true,"href":"https:\/\/lygosdental.com\/tr\/wp-json\/wp\/v2\/tags?post=884"}],"curies":[{"name":"wp","href":"https:\/\/api.w.org\/{rel}","templated":true}]}}