{"id":699,"date":"2025-12-25T12:35:22","date_gmt":"2025-12-25T12:35:22","guid":{"rendered":"https:\/\/lygosdental.com\/disler-neden-seffaflasir-ve-nasil-duzeltilir\/"},"modified":"2026-03-30T06:42:50","modified_gmt":"2026-03-30T06:42:50","slug":"disler-neden-seffaflasir-ve-nasil-duzeltilir","status":"publish","type":"post","link":"https:\/\/lygosdental.com\/tr\/disler-neden-seffaflasir-ve-nasil-duzeltilir\/","title":{"rendered":"Di\u015fler Neden \u015eeffafla\u015f\u0131r ve Nas\u0131l D\u00fczeltilir?"},"content":{"rendered":"\n<h2 class=\"wp-block-heading\" id=\"disler-neden-seffaflasir-ve-nasil-duzeltilir\"><b>Di\u015fler Neden \u015eeffafla\u015f\u0131r ve Nas\u0131l D\u00fczeltilir?<\/b><\/h2>\n\n\n\n<p><span style=\"font-weight: 400;\">\u015eeffaf (yar\u0131 saydam) di\u015fler genellikle mine tabakas\u0131n\u0131n inceldi\u011fini g\u00f6sterir ve bu durum en s\u0131k asit maruziyeti, di\u015f g\u0131c\u0131rdatma, sert <a href=\"https:\/\/lygosdental.com\/tr\/cocuklariniza-dis-fircalamayi-nasil-ogretirsiniz\/\">f\u0131r\u00e7alama<\/a> veya refl\u00fc nedeniyle olu\u015fur. Mine kendini yenilemedi\u011finden, ama\u00e7 daha fazla a\u015f\u0131nmay\u0131 durdurmak ve flor\u00fcr deste\u011fi, bonding, <a href=\"https:\/\/lygosdental.com\/tr\/dis-kronu-dustu-mu\/\">kaplama<\/a> veya kron gibi se\u00e7eneklerle di\u015fin dayan\u0131kl\u0131l\u0131\u011f\u0131n\u0131 ve g\u00f6r\u00fcn\u00fcm\u00fcn\u00fc, kaybedilen mine miktar\u0131na g\u00f6re geri kazand\u0131rmakt\u0131r.<\/span><\/p>\n\n\n\n<h2 class=\"wp-block-heading\" id=\"disler-seffaf-gorundugunde-ne-anlama-gelir\"><b>Di\u015fler \u015eeffaf G\u00f6r\u00fcnd\u00fc\u011f\u00fcnde Ne Anlama Gelir?<\/b><\/h2>\n\n\n\n<p><span style=\"font-weight: 400;\">Sa\u011fl\u0131kl\u0131 di\u015fler hafif k\u0131r\u0131k beyaz ve opak g\u00f6r\u00fcn\u00fcr. \u00d6zellikle \u00f6n di\u015flerin kenarlar\u0131 berrak veya cam gibi g\u00f6r\u00fcnmeye ba\u015flad\u0131\u011f\u0131nda bu genellikle mine incelmesine i\u015faret eder.<\/span><\/p>\n\n\n\n<p><span style=\"font-weight: 400;\">Mine, di\u015fi koruyan sert d\u0131\u015f tabakad\u0131r. Alt\u0131nda, do\u011fal olarak daha koyu ve sar\u0131ms\u0131 olan dentin bulunur. Mine a\u015f\u0131nd\u0131k\u00e7a, daha fazla dentin g\u00f6r\u00fcn\u00fcr hale gelir ve di\u015f u\u00e7lar\u0131nda yar\u0131 saydam bir g\u00f6r\u00fcn\u00fcm olu\u015fur.<\/span><\/p>\n\n\n\n<h2 class=\"wp-block-heading\" id=\"seffaf-dislerin-yaygin-nedenleri\"><b>\u015eeffaf Di\u015flerin Yayg\u0131n Nedenleri<\/b><\/h2>\n\n\n\n<figure class=\"wp-block-image\"><img decoding=\"async\" src=\"https:\/\/lygosdental.com\/\/wp-content\/uploads\/2025\/12\/Why-Do-Teeth-Become-Transparent-768x512.webp\" alt=\"Why Do Teeth Become Transparent\" title=\"\"><\/figure>\n\n\n\n<div class=\"wp-block-rank-math-toc-block\" id=\"rank-math-toc\"><h2>\u0130\u00e7indekiler<\/h2><nav><ul><li class=\"\"><a href=\"#disler-neden-seffaflasir-ve-nasil-duzeltilir\">Di\u015fler Neden \u015eeffafla\u015f\u0131r ve Nas\u0131l D\u00fczeltilir?<\/a><\/li><li class=\"\"><a href=\"#disler-seffaf-gorundugunde-ne-anlama-gelir\">Di\u015fler \u015eeffaf G\u00f6r\u00fcnd\u00fc\u011f\u00fcnde Ne Anlama Gelir?<\/a><\/li><li class=\"\"><a href=\"#seffaf-dislerin-yaygin-nedenleri\">\u015eeffaf Di\u015flerin Yayg\u0131n Nedenleri<\/a><ul><li class=\"\"><a href=\"#asitli-yiyecek-ve-icecekler\">Asitli Yiyecek ve \u0130\u00e7ecekler<\/a><\/li><li class=\"\"><a href=\"#dis-sikma-veya-gicirdatma\">Di\u015f S\u0131kma veya G\u0131c\u0131rdatma<\/a><\/li><li class=\"\"><a href=\"#cok-sert-fircalama-veya-sert-firca-kullanimi\">\u00c7ok Sert F\u0131r\u00e7alama veya Sert F\u0131r\u00e7a Kullan\u0131m\u0131<\/a><\/li><li class=\"\"><a href=\"#reflu-veya-sik-mide-yanmasi\">Refl\u00fc veya S\u0131k Mide Yanmas\u0131<\/a><\/li><li class=\"\"><a href=\"#asiri-beyazlatma-urunleri-kullanimi\">A\u015f\u0131r\u0131 Beyazlatma \u00dcr\u00fcnleri Kullan\u0131m\u0131<\/a><\/li><li class=\"\"><a href=\"#dogal-yaslanma-ve-asinma\">Do\u011fal Ya\u015flanma ve A\u015f\u0131nma<\/a><\/li><\/ul><\/li><li class=\"\"><a href=\"#dis-seffafligi-bir-sorun-mu\">Di\u015f \u015eeffafl\u0131\u011f\u0131 Bir Sorun Mu?<\/a><\/li><li class=\"\"><a href=\"#seffaf-disler-nasil-duzeltilir\">\u015eeffaf Di\u015fler Nas\u0131l D\u00fczeltilir?<\/a><ul><li class=\"\"><a href=\"#kalan-mineyi-destekleme-ve-koruma\">Kalan Mineyi Destekleme ve Koruma<\/a><\/li><li class=\"\"><a href=\"#dis-bondingi\">Di\u015f Bondingi<\/a><\/li><li class=\"\"><a href=\"#porselen-kaplamalar\">Porselen Kaplamalar<\/a><\/li><li class=\"\"><a href=\"#kron-veya-onley\">Kron veya Onley<\/a><\/li><\/ul><\/li><li class=\"\"><a href=\"#dislerin-seffaflasmasi-nasil-onlenir\">Di\u015flerin \u015eeffafla\u015fmas\u0131 Nas\u0131l \u00d6nlenir?<\/a><ul><li class=\"\"><a href=\"#yumusak-killi-bir-dis-fircasi-kullanin\">Yumu\u015fak K\u0131ll\u0131 Bir Di\u015f F\u0131r\u00e7as\u0131 Kullan\u0131n<\/a><\/li><li class=\"\"><a href=\"#asitli-gidalardan-sonra-bekleyin\">Asitli G\u0131dalardan Sonra Bekleyin<\/a><\/li><li class=\"\"><a href=\"#asit-maruziyetini-azaltin\">Asit Maruziyetini Azalt\u0131n<\/a><\/li><li class=\"\"><a href=\"#dis-gicirdatmayi-tedavi-edin\">Di\u015f G\u0131c\u0131rdatmay\u0131 Tedavi Edin<\/a><\/li><li class=\"\"><a href=\"#refluyu-kontrol-altina-alin\">Refl\u00fcy\u00fc Kontrol Alt\u0131na Al\u0131n<\/a><\/li><\/ul><\/li><li class=\"\"><a href=\"#randevu-alin\">Randevu Al\u0131n<\/a><\/li><li class=\"\"><a href=\"#sikca-sorulan-sorular\">S\u0131k\u00e7a Sorulan Sorular<\/a><ul><li class=\"\"><a href=\"#faq-question-1771574579933\">\u015eeffaf di\u015fler d\u00fczeltilebilir mi?<\/a><\/li><li class=\"\"><a href=\"#faq-question-1771574592766\">Di\u015flerdeki \u015feffafl\u0131\u011f\u0131 azaltman\u0131n bir yolu var m\u0131?<\/a><\/li><li class=\"\"><a href=\"#faq-question-1771574600434\">Di\u015flerim \u015feffafla\u015f\u0131yorsa bu k\u00f6t\u00fc m\u00fc?<\/a><\/li><li class=\"\"><a href=\"#faq-question-1771574604691\">\u015eeffaf di\u015flere hangi eksiklik neden olur?<\/a><\/li><li class=\"\"><a href=\"#faq-question-1771574613167\">Yar\u0131 saydam di\u015fler i\u00e7in hangi vitaminler yard\u0131mc\u0131 olur?<\/a><\/li><li class=\"\"><a href=\"#faq-question-1771574618889\">D vitamini sar\u0131 di\u015fleri tersine \u00e7evirebilir mi?<\/a><\/li><\/ul><\/li><\/ul><\/nav><\/div>\n\n\n\n<p><span style=\"font-weight: 400;\">Di\u015f \u015feffafl\u0131\u011f\u0131 nadiren tek bir nedene ba\u011fl\u0131d\u0131r. Genellikle zamanla asit, bask\u0131 veya a\u015f\u0131nmaya tekrar tekrar maruz kal\u0131nmas\u0131yla olu\u015fur.<\/span><\/p>\n\n\n\n<h3 class=\"wp-block-heading\" id=\"asitli-yiyecek-ve-icecekler\"><b>Asitli Yiyecek ve \u0130\u00e7ecekler<\/b><\/h3>\n\n\n\n<p><span style=\"font-weight: 400;\">Gazl\u0131 i\u00e7ecekler, enerji i\u00e7ecekleri, narenciye sular\u0131, sporcu i\u00e7ecekleri ve asitli yiyeceklerin s\u0131k t\u00fcketilmesi mineyi yumu\u015fatabilir. Mine yumu\u015fad\u0131ktan sonra, normal \u00e7i\u011fneme ve f\u0131r\u00e7alama daha h\u0131zl\u0131 a\u015f\u0131nmas\u0131na neden olabilir.<\/span><\/p>\n\n\n\n<h3 class=\"wp-block-heading\" id=\"dis-sikma-veya-gicirdatma\"><b>Di\u015f S\u0131kma veya G\u0131c\u0131rdatma<\/b><\/h3>\n\n\n\n<p><span style=\"font-weight: 400;\">Gece g\u0131c\u0131rdatma (<a href=\"https:\/\/lygosdental.com\/tr\/cocuklarda-bruksizm-dis-gicirdatma\/\">bruksizm<\/a>) veya g\u00fcnd\u00fcz di\u015f s\u0131kma di\u015flere s\u00fcrekli bask\u0131 uygular. Kenarlar ve \u00e7i\u011fneme y\u00fczeyleri genellikle ilk olarak incelir, bu nedenle \u015feffafl\u0131k \u00e7o\u011funlukla u\u00e7larda g\u00f6r\u00fcl\u00fcr.<\/span><\/p>\n\n\n\n<h3 class=\"wp-block-heading\" id=\"cok-sert-fircalama-veya-sert-firca-kullanimi\"><b>\u00c7ok Sert F\u0131r\u00e7alama veya Sert F\u0131r\u00e7a Kullan\u0131m\u0131<\/b><\/h3>\n\n\n\n<p><span style=\"font-weight: 400;\">A\u015f\u0131r\u0131 bast\u0131rarak f\u0131r\u00e7alamak veya sert k\u0131ll\u0131 f\u0131r\u00e7a kullanmak zamanla mineyi a\u015f\u0131nd\u0131rabilir ve di\u015f etlerini tahri\u015f edebilir. Yumu\u015fak f\u0131r\u00e7a ve nazik bir teknik, daha az zarar vererek ayn\u0131 temizlik sa\u011flar.<\/span><\/p>\n\n\n\n<h3 class=\"wp-block-heading\" id=\"reflu-veya-sik-mide-yanmasi\"><b>Refl\u00fc veya S\u0131k Mide Yanmas\u0131<\/b><\/h3>\n\n\n\n<p><span style=\"font-weight: 400;\">Mide asidi son derece a\u015f\u0131nd\u0131r\u0131c\u0131d\u0131r. Refl\u00fc a\u011f\u0131za ula\u015ft\u0131\u011f\u0131nda \u2014 \u00f6zellikle geceleri \u2014 yava\u015f\u00e7a mineyi \u00e7\u00f6zebilir ve siz fark etmeden hassasiyet ya da \u015feffafl\u0131k olu\u015fabilir.<\/span><\/p>\n\n\n\n<h3 class=\"wp-block-heading\" id=\"asiri-beyazlatma-urunleri-kullanimi\"><b>A\u015f\u0131r\u0131 Beyazlatma \u00dcr\u00fcnleri Kullan\u0131m\u0131<\/b><\/h3>\n\n\n\n<p><span style=\"font-weight: 400;\">Beyazlatma \u00fcr\u00fcnlerinin a\u015f\u0131r\u0131 kullan\u0131m\u0131 hassasiyeti art\u0131rabilir ve ince mine daha da \u015feffaf g\u00f6r\u00fcnebilir. Beyazlatma, kaybedilen mineyi geri kazand\u0131rmaz, bu y\u00fczden mine zaten zay\u0131flam\u0131\u015fsa bir di\u015f hekimi g\u00f6zetiminde yap\u0131lmal\u0131d\u0131r.<\/span><\/p>\n\n\n\n<h3 class=\"wp-block-heading\" id=\"dogal-yaslanma-ve-asinma\"><b>Do\u011fal Ya\u015flanma ve A\u015f\u0131nma<\/b><\/h3>\n\n\n\n<p><span style=\"font-weight: 400;\">Ya\u015fla birlikte mine do\u011fal olarak incelir. G\u00fcnl\u00fck \u00e7i\u011fneme, ge\u00e7mi\u015fte yap\u0131lan <a href=\"https:\/\/lygosdental.com\/tr\/morgan-freeman-dis-estetigi\/\">di\u015f tedavileri<\/a> ve uzun s\u00fcreli al\u0131\u015fkanl\u0131klar normal a\u015f\u0131nmay\u0131 h\u0131zland\u0131rabilir.<\/span><\/p>\n\n\n\n<h2 class=\"wp-block-heading\" id=\"dis-seffafligi-bir-sorun-mu\"><b>Di\u015f \u015eeffafl\u0131\u011f\u0131 Bir Sorun Mu?<\/b><\/h2>\n\n\n\n<p><span style=\"font-weight: 400;\">Bazen bu durum sadece kozmetik bir kayg\u0131d\u0131r, ancak ayn\u0131 zamanda bir uyar\u0131 i\u015fareti de olabilir. Daha ince mine, s\u0131cakl\u0131k de\u011fi\u015fiklikleri, asitler ve fiziksel streslere kar\u015f\u0131 daha az koruma sa\u011flar.<\/span><\/p>\n\n\n\n<p><span style=\"font-weight: 400;\">A\u015f\u0131nma devam ettik\u00e7e, di\u015fler daha hassas hale gelebilir, daha kolay \u00e7atlayabilir veya p\u00fcr\u00fczl\u00fc kenarlar olu\u015fabilir. H\u0131zl\u0131 de\u011fi\u015fiklikler, hassasiyet, \u00e7atlaklar veya di\u015f boyunda dengesizlik fark ederseniz, ge\u00e7 kalmadan bir di\u015f muayenesi yapt\u0131rmak faydal\u0131 olacakt\u0131r.<\/span><\/p>\n\n\n\n<h2 class=\"wp-block-heading\" id=\"seffaf-disler-nasil-duzeltilir\"><b>\u015eeffaf Di\u015fler Nas\u0131l D\u00fczeltilir?<\/b><\/h2>\n\n\n\n<p><span style=\"font-weight: 400;\">Uygun \u00e7\u00f6z\u00fcm, ne kadar mine kald\u0131\u011f\u0131na ve di\u015fin zay\u0131flay\u0131p zay\u0131flamad\u0131\u011f\u0131na ba\u011fl\u0131d\u0131r.<\/span><\/p>\n\n\n\n<h3 class=\"wp-block-heading\" id=\"kalan-mineyi-destekleme-ve-koruma\"><b>Kalan Mineyi Destekleme ve Koruma<\/b><\/h3>\n\n\n\n<p><span style=\"font-weight: 400;\">Erken a\u015famalarda, di\u015f hekimi y\u00fczeyin g\u00fc\u00e7lendirilmesi ve daha fazla erozyonun yava\u015flat\u0131lmas\u0131 i\u00e7in flor\u00fcr cilas\u0131, re\u00e7eteli flor\u00fcrl\u00fc <a href=\"https:\/\/lygosdental.com\/tr\/puf-noktalari-dis-macununuzu-unuttunuz-simdi-ne-yapacaksiniz\/\">di\u015f macunu<\/a> veya yeniden mineralize edici \u00fcr\u00fcnler \u00f6nerebilir. Bu y\u00f6ntemler kaybolan mine kal\u0131nl\u0131\u011f\u0131n\u0131 geri getirmez, ancak asit ve hassasiyete kar\u015f\u0131 direnci art\u0131rabilir.<\/span><\/p>\n\n\n\n<h3 class=\"wp-block-heading\" id=\"dis-bondingi\"><b>Di\u015f Bondingi<\/b><\/h3>\n\n\n\n<p><span style=\"font-weight: 400;\">Hafif \u015feffafl\u0131k durumlar\u0131nda, di\u015f renginde kompozit bonding sa\u011flam bir kenar g\u00f6r\u00fcn\u00fcm\u00fc kazand\u0131rabilir ve koruyucu bir katman ekleyebilir. Bonding i\u015flemi koruyucu bir y\u00f6ntemdir ve genellikle tek seansta tamamlan\u0131r, ancak zamanla leke tutabilir veya \u00e7atlayabilir, bu nedenle bak\u0131m gerekebilir.<\/span><\/p>\n\n\n\n<h3 class=\"wp-block-heading\" id=\"porselen-kaplamalar\"><b>Porselen Kaplamalar<\/b><\/h3>\n\n\n\n<p><span style=\"font-weight: 400;\">E\u011fer \u00f6n di\u015fler \u015feffaf g\u00f6r\u00fcn\u00fcyor ve bu g\u00f6r\u00fcnt\u00fc sizi rahats\u0131z ediyorsa, <a href=\"https:\/\/lygosdental.com\/tr\/connor-mcgregor-dis-kaplamalari-lygos-dental\/\">kaplamalar<\/a> \u00f6n y\u00fczeyi kaplayarak daha do\u011fal ve e\u015fit bir ton sa\u011flayabilir. Kaplamalar dayan\u0131kl\u0131d\u0131r, ancak genellikle bir miktar minenin kald\u0131r\u0131lmas\u0131n\u0131 gerektirir.<\/span><\/p>\n\n\n\n<h3 class=\"wp-block-heading\" id=\"kron-veya-onley\"><b>Kron veya Onley<\/b><\/h3>\n\n\n\n<p><span style=\"font-weight: 400;\">Di\u015f yap\u0131s\u0131 zay\u0131flam\u0131\u015fsa veya \u00e7atlaklar varsa, kron veya onley di\u015fi uzun vadede koruman\u0131n en g\u00fcvenli yolu olabilir. Bu restorasyonlar di\u015fi g\u00fc\u00e7lendirir ve k\u0131r\u0131lma riskini azalt\u0131r.<\/span><\/p>\n\n\n\n<h2 class=\"wp-block-heading\" id=\"dislerin-seffaflasmasi-nasil-onlenir\"><b>Di\u015flerin \u015eeffafla\u015fmas\u0131 Nas\u0131l \u00d6nlenir?<\/b><\/h2>\n\n\n\n<figure class=\"wp-block-image\"><img decoding=\"async\" src=\"https:\/\/lygosdental.com\/\/wp-content\/uploads\/2025\/12\/Can-Transparent-Teeth-Be-Prevented-768x512.webp\" alt=\"\" title=\"\"><\/figure>\n\n\n\n<p><\/p>\n\n\n\n<p><span style=\"font-weight: 400;\">K\u00fc\u00e7\u00fck de\u011fi\u015fiklikler, mine a\u015f\u0131nmas\u0131n\u0131 yava\u015flatabilir ve di\u015flerin do\u011fal opakl\u0131\u011f\u0131n\u0131 korumas\u0131na yard\u0131mc\u0131 olabilir.<\/span><\/p>\n\n\n\n<h3 class=\"wp-block-heading\" id=\"yumusak-killi-bir-dis-fircasi-kullanin\"><b>Yumu\u015fak K\u0131ll\u0131 Bir Di\u015f F\u0131r\u00e7as\u0131 Kullan\u0131n<\/b><\/h3>\n\n\n\n<p><span style=\"font-weight: 400;\">G\u00fcnde iki kez, iki\u015fer dakika boyunca flor\u00fcrl\u00fc bir di\u015f macunu ile nazik\u00e7e f\u0131r\u00e7alay\u0131n. Teknik konusunda emin de\u011filseniz, di\u015f hekiminizden veya di\u015f hijyenistinizden d\u00fc\u015f\u00fck a\u015f\u0131nd\u0131r\u0131c\u0131l\u0131 bir y\u00f6ntem g\u00f6stermesini isteyin.<\/span><\/p>\n\n\n\n<h3 class=\"wp-block-heading\" id=\"asitli-gidalardan-sonra-bekleyin\"><b>Asitli G\u0131dalardan Sonra Bekleyin<\/b><\/h3>\n\n\n\n<p><span style=\"font-weight: 400;\">Asitli yiyecek veya i\u00e7eceklerden sonra a\u011fz\u0131n\u0131z\u0131 suyla \u00e7alkalay\u0131n ve f\u0131r\u00e7alamadan \u00f6nce yakla\u015f\u0131k 30 dakika bekleyin. Hemen f\u0131r\u00e7alamak, yumu\u015fam\u0131\u015f mineyi a\u015f\u0131nd\u0131rabilir.<\/span><\/p>\n\n\n\n<h3 class=\"wp-block-heading\" id=\"asit-maruziyetini-azaltin\"><b>Asit Maruziyetini Azalt\u0131n<\/b><\/h3>\n\n\n\n<p><span style=\"font-weight: 400;\">Asitli i\u00e7ecekleri uzun s\u00fcre yudumlamaktan ka\u00e7\u0131n\u0131n. M\u00fcmk\u00fcnse pipet kullan\u0131n ve \u00f6\u011f\u00fcnler aras\u0131nda su tercih ederek t\u00fck\u00fcr\u00fc\u011f\u00fcn asidi n\u00f6tralize etmesine izin verin.<\/span><\/p>\n\n\n\n<h3 class=\"wp-block-heading\" id=\"dis-gicirdatmayi-tedavi-edin\"><b>Di\u015f G\u0131c\u0131rdatmay\u0131 Tedavi Edin<\/b><\/h3>\n\n\n\n<p><span style=\"font-weight: 400;\">Sabahlar\u0131 \u00e7ene gerginli\u011fi ile uyan\u0131yorsan\u0131z veya di\u015f kenarlar\u0131n\u0131n d\u00fczle\u015fti\u011fini fark ediyorsan\u0131z, gece pla\u011f\u0131 hakk\u0131nda bilgi al\u0131n. G\u0131c\u0131rdatmay\u0131 azaltmak, mine incelmesini \u00f6nleyebilir.<\/span><\/p>\n\n\n\n<h3 class=\"wp-block-heading\" id=\"refluyu-kontrol-altina-alin\"><b>Refl\u00fcy\u00fc Kontrol Alt\u0131na Al\u0131n<\/b><\/h3>\n\n\n\n<p><span style=\"font-weight: 400;\">S\u0131k s\u0131k mide yanmas\u0131 ya\u015f\u0131yorsan\u0131z, bir sa\u011fl\u0131k uzman\u0131na dan\u0131\u015f\u0131n. Refl\u00fcy\u00fc y\u00f6netmek hem di\u015flerinizi hem de genel sa\u011fl\u0131\u011f\u0131n\u0131z\u0131 korur.<\/span><\/p>\n\n\n\n<h2 class=\"wp-block-heading\" id=\"randevu-alin\"><b>Randevu Al\u0131n<\/b><\/h2>\n\n\n\n<p><span style=\"font-weight: 400;\">E\u011fer \u015feffaf di\u015fler veya hassasiyet konusunda endi\u015feniz varsa, bir di\u015f hekimi mine erozyonu, di\u015f s\u0131kma veya refl\u00fc kaynakl\u0131 a\u015f\u0131nmay\u0131 kontrol edebilir ve en az m\u00fcdahaleli \u00e7\u00f6z\u00fcm\u00fc \u00f6nerebilir. Bonding veya kaplama gibi estetik \u00e7\u00f6z\u00fcmler, altta yatan neden kontrol alt\u0131na al\u0131nd\u0131\u011f\u0131nda do\u011fal ve sa\u011flam bir g\u00f6r\u00fcn\u00fcm kazand\u0131rabilir.<\/span><\/p>\n\n\n\n<h2 class=\"wp-block-heading\" id=\"sikca-sorulan-sorular\"><b>S\u0131k\u00e7a Sorulan Sorular<\/b><\/h2>\n\n\n<div id=\"rank-math-faq\" class=\"rank-math-block\">\n<div class=\"rank-math-list \">\n<div id=\"faq-question-1771574579933\" class=\"rank-math-list-item\">\n<h3 class=\"rank-math-question \">\u015eeffaf di\u015fler d\u00fczeltilebilir mi?<\/h3>\n<div class=\"rank-math-answer \">\n\n<p>Evet; erken olgular remineralize olabilir, de\u011filse bonding, lamina veya kuron g\u00f6r\u00fcn\u00fcm\u00fc d\u00fczeltir.<\/p>\n\n<\/div>\n<\/div>\n<div id=\"faq-question-1771574592766\" class=\"rank-math-list-item\">\n<h3 class=\"rank-math-question \">Di\u015flerdeki \u015feffafl\u0131\u011f\u0131 azaltman\u0131n bir yolu var m\u0131?<\/h3>\n<div class=\"rank-math-answer \">\n\n<p>Evet; flor\u00fcr kullan\u0131n, asitleri azalt\u0131n, g\u0131c\u0131rdatmay\u0131 tedavi edin, estetik bonding d\u00fc\u015f\u00fcn\u00fcn.<\/p>\n\n<\/div>\n<\/div>\n<div id=\"faq-question-1771574600434\" class=\"rank-math-list-item\">\n<h3 class=\"rank-math-question \">Di\u015flerim \u015feffafla\u015f\u0131yorsa bu k\u00f6t\u00fc m\u00fc?<\/h3>\n<div class=\"rank-math-answer \">\n\n<p>Evet; \u00e7o\u011funlukla mine kayb\u0131n\u0131 ve artm\u0131\u015f hassasiyet veya \u00e7\u00fcr\u00fck riskini g\u00f6sterir.<\/p>\n\n<\/div>\n<\/div>\n<div id=\"faq-question-1771574604691\" class=\"rank-math-list-item\">\n<h3 class=\"rank-math-question \">\u015eeffaf di\u015flere hangi eksiklik neden olur?<\/h3>\n<div class=\"rank-math-answer \">\n\n<p>Genelde hi\u00e7bir eksiklik; asit erozyonu mineyi inceltir, bazen \u00e7ocukluk D vitamini\/kalsiyum eksikli\u011fi.<\/p>\n\n<\/div>\n<\/div>\n<div id=\"faq-question-1771574613167\" class=\"rank-math-list-item\">\n<h3 class=\"rank-math-question \">Yar\u0131 saydam di\u015fler i\u00e7in hangi vitaminler yard\u0131mc\u0131 olur?<\/h3>\n<div class=\"rank-math-answer \">\n\n<p>D vitamini yeterli kalsiyumla mineralizasyonu destekler; hi\u00e7bir vitamin kaybolan mineyi geri yapmaz.<\/p>\n\n<\/div>\n<\/div>\n<div id=\"faq-question-1771574618889\" class=\"rank-math-list-item\">\n<h3 class=\"rank-math-question \">D vitamini sar\u0131 di\u015fleri tersine \u00e7evirebilir mi?<\/h3>\n<div class=\"rank-math-answer \">\n\n<p>Hay\u0131r; D vitamini sararmay\u0131 tersine \u00e7evirmez\u2014temizlik veya beyazlatma renklenmeyi giderir.<\/p>\n\n<\/div>\n<\/div>\n<\/div>\n<\/div>\n\n\n<p><br><\/p>\n\n\n\n<ol class=\"wp-block-list\">\n<li><\/li>\n<\/ol>\n","protected":false},"excerpt":{"rendered":"<p>Di\u015fler, di\u015f minesi a\u015f\u0131nd\u0131\u011f\u0131nda \u015feffaf hale gelir ve alt\u0131ndaki do\u011fal olarak yar\u0131 saydam olan dentin ortaya \u00e7\u0131kar.<\/p>\n","protected":false},"author":7,"featured_media":49676,"comment_status":"open","ping_status":"open","sticky":false,"template":"","format":"standard","meta":{"_acf_changed":false,"footnotes":""},"categories":[288,287],"tags":[],"class_list":["post-699","post","type-post","status-publish","format-standard","has-post-thumbnail","hentry","category-blog","category-genel-dis-hekimligi"],"acf":[],"_links":{"self":[{"href":"https:\/\/lygosdental.com\/tr\/wp-json\/wp\/v2\/posts\/699","targetHints":{"allow":["GET"]}}],"collection":[{"href":"https:\/\/lygosdental.com\/tr\/wp-json\/wp\/v2\/posts"}],"about":[{"href":"https:\/\/lygosdental.com\/tr\/wp-json\/wp\/v2\/types\/post"}],"author":[{"embeddable":true,"href":"https:\/\/lygosdental.com\/tr\/wp-json\/wp\/v2\/users\/7"}],"replies":[{"embeddable":true,"href":"https:\/\/lygosdental.com\/tr\/wp-json\/wp\/v2\/comments?post=699"}],"version-history":[{"count":2,"href":"https:\/\/lygosdental.com\/tr\/wp-json\/wp\/v2\/posts\/699\/revisions"}],"predecessor-version":[{"id":49677,"href":"https:\/\/lygosdental.com\/tr\/wp-json\/wp\/v2\/posts\/699\/revisions\/49677"}],"wp:featuredmedia":[{"embeddable":true,"href":"https:\/\/lygosdental.com\/tr\/wp-json\/wp\/v2\/media\/49676"}],"wp:attachment":[{"href":"https:\/\/lygosdental.com\/tr\/wp-json\/wp\/v2\/media?parent=699"}],"wp:term":[{"taxonomy":"category","embeddable":true,"href":"https:\/\/lygosdental.com\/tr\/wp-json\/wp\/v2\/categories?post=699"},{"taxonomy":"post_tag","embeddable":true,"href":"https:\/\/lygosdental.com\/tr\/wp-json\/wp\/v2\/tags?post=699"}],"curies":[{"name":"wp","href":"https:\/\/api.w.org\/{rel}","templated":true}]}}