{"id":54502,"date":"2026-04-29T07:18:49","date_gmt":"2026-04-29T07:18:49","guid":{"rendered":"https:\/\/lygosdental.com\/?p=54502"},"modified":"2026-04-29T07:18:10","modified_gmt":"2026-04-29T07:18:10","slug":"besiktas-dis-teli-ucreti","status":"publish","type":"post","link":"https:\/\/lygosdental.com\/tr\/besiktas-dis-teli-ucreti\/","title":{"rendered":"Be\u015fikta\u015f Di\u015f Teli \u00dccreti: Fiyat\u0131 Belirleyen Detaylar"},"content":{"rendered":"\n<p>Be\u015fikta\u015f&#8217;ta di\u015f teli ara\u015ft\u0131ran biri i\u00e7in en yorucu k\u0131s\u0131m \u00e7o\u011fu zaman tedavinin kendisi olmuyor. Fiyat oluyor. Bir klinikte muayene sonunda belli bir rakam s\u00f6yleniyor, be\u015f y\u00fcz metre ileride ayn\u0131 tedavi farkl\u0131 bir b\u00fct\u00e7eye d\u00fc\u015f\u00fcyor. \u0130kisi de &#8220;ortodonti&#8221; ba\u015fl\u0131\u011f\u0131 alt\u0131nda \u00fcstelik. Peki bu fark nereden geliyor? Cevap birka\u00e7 teknik detayda gizli asl\u0131nda.<\/p>\n\n\n\n<div class=\"wp-block-rank-math-toc-block\" id=\"rank-math-toc\"><h2>\u0130\u00e7indekiler<\/h2><nav><ul><li class=\"\"><a href=\"#be\u015fikta\u015fta-di\u015f-teli-\u00fccretini-etkileyen-ba\u015fl\u0131ca-fakt\u00f6rler\">Be\u015fikta\u015f&#8217;ta di\u015f teli \u00fccretini etkileyen ba\u015fl\u0131ca fakt\u00f6rler<\/a><\/li><li class=\"\"><a href=\"#tel-t\u00fcrleri-aras\u0131ndaki-fark-fiyata-nas\u0131l-yans\u0131yor\">Tel t\u00fcrleri aras\u0131ndaki fark, fiyata nas\u0131l yans\u0131yor?<\/a><\/li><li class=\"\"><a href=\"#\u015feffaf-plak-tedavisi-ne-zaman-daha-mant\u0131kl\u0131\">\u015eeffaf plak tedavisi ne zaman daha mant\u0131kl\u0131<\/a><\/li><li class=\"\"><a href=\"#tedavi-s\u00fcresi-ve-takip-seanslar\u0131\">Tedavi s\u00fcresi ve takip seanslar\u0131<\/a><\/li><li class=\"\"><a href=\"#\u00e7ocuk-ve-yeti\u015fkin-tedavilerinde-fiyat-fark\u0131-olu\u015fur-mu\">\u00c7ocuk ve yeti\u015fkin tedavilerinde fiyat fark\u0131 olu\u015fur mu<\/a><\/li><li class=\"\"><a href=\"#kontrol-retainer-ve-g\u00f6zden-ka\u00e7an-kalemler\">Kontrol, retainer ve g\u00f6zden ka\u00e7an kalemler<\/a><\/li><li class=\"\"><a href=\"#be\u015fikta\u015fta-klinik-se\u00e7erken-sorman\u0131z-gereken-sorular\">Be\u015fikta\u015f&#8217;ta klinik se\u00e7erken sorman\u0131z gereken sorular<\/a><\/li><li class=\"\"><a href=\"#planlaman\u0131n-kalitesi-neden-b\u00fct\u00e7eden-daha-\u00e7ok-\u015fey-s\u00f6yler\">Planlaman\u0131n kalitesi neden b\u00fct\u00e7eden daha \u00e7ok \u015fey s\u00f6yler<\/a><\/li><li class=\"\"><a href=\"#son-s\u00f6z\">Son D\u00fc\u015f\u00fcnceler<\/a><\/li><li class=\"\"><a href=\"#s\u0131k\u00e7a-sorulan-sorular\">S\u0131k\u00e7a Sorulan Sorular<\/a><ul><li class=\"\"><a href=\"#faq-ea936e8f\">Be\u015fikta\u015f&#8217;ta di\u015f teli \u00fccreti ortalama ne kadar?<\/a><\/li><li class=\"\"><a href=\"#faq-7c3420db\">\u015eeffaf plak m\u0131 yoksa metal tel mi daha uygun?<\/a><\/li><li class=\"\"><a href=\"#faq-f4de00a1\">Tedavi sonunda retainer kullanmak zorunlu mu?<\/a><\/li><li class=\"\"><a href=\"#faq-50dcb0a3\">Di\u015f teli s\u00fcresi vakadan vakaya neden bu kadar de\u011fi\u015fiyor?<\/a><\/li><li class=\"\"><a href=\"#faq-cb2dcb69\">Klinik se\u00e7iminde fiyat d\u0131\u015f\u0131nda neye dikkat etmeliyim?<\/a><\/li><\/ul><\/li><\/ul><\/nav><\/div>\n\n\n\n<h2 class=\"wp-block-heading\" id=\"be\u015fikta\u015fta-di\u015f-teli-\u00fccretini-etkileyen-ba\u015fl\u0131ca-fakt\u00f6rler\">Be\u015fikta\u015f&#8217;ta di\u015f teli \u00fccretini etkileyen ba\u015fl\u0131ca fakt\u00f6rler<\/h2>\n\n\n\n<p>Di\u015f teli fiyat\u0131 tek ba\u015f\u0131na bir rakam de\u011fil. Hangi tel t\u00fcr\u00fcn\u00fcn se\u00e7ildi\u011fi, kapan\u0131\u015f bozuklu\u011funun derinli\u011fi, hekimin planlama yakla\u015f\u0131m\u0131 ve s\u00fcre\u00e7 boyunca yap\u0131lacak takip \u2014 hepsi maliyetin i\u00e7ine giriyor.<\/p>\n\n\n\n<p>Kabaca etkili olan ba\u015fl\u0131klar \u015funlar:<\/p>\n\n\n\n<ul class=\"wp-block-list\">\n<li>Tel t\u00fcr\u00fc: metal, \u015feffaf, lingual ya da \u015feffaf plak<\/li>\n\n\n\n<li>Vakan\u0131n karma\u015f\u0131kl\u0131\u011f\u0131: hafif \u00e7apra\u015f\u0131kl\u0131k m\u0131, ciddi kapan\u0131\u015f bozuklu\u011fu mu<\/li>\n\n\n\n<li>Tahmini tedavi s\u00fcresi<\/li>\n\n\n\n<li>Tedavi \u00f6ncesi yap\u0131lan dijital de\u011ferlendirme ve g\u00f6r\u00fcnt\u00fcleme<\/li>\n\n\n\n<li>Kontrol seans\u0131 s\u0131kl\u0131\u011f\u0131<\/li>\n\n\n\n<li>Retainer (peki\u015ftirme apareyi) ve sonras\u0131ndaki takip<\/li>\n<\/ul>\n\n\n\n<p>\u0130ki ayr\u0131 klinik ayn\u0131 vakaya farkl\u0131 planlama yakla\u015ft\u0131\u011f\u0131nda, fiyat da haliyle ayr\u0131\u015f\u0131yor.<\/p>\n\n\n\n<h2 class=\"wp-block-heading\" id=\"tel-t\u00fcrleri-aras\u0131ndaki-fark-fiyata-nas\u0131l-yans\u0131yor\">Tel t\u00fcrleri aras\u0131ndaki fark, fiyata nas\u0131l yans\u0131yor?<\/h2>\n\n\n\n<p>Metal braketler h\u00e2l\u00e2 en uygun maliyetli se\u00e7enek. \u015eeffaf \u2014 porselen ya da safir \u2014 braketler estetik olarak daha geri planda durdu\u011fu i\u00e7in fiyat\u0131 y\u00fckseltiyor. Lingual sistem ise di\u015fin i\u00e7 y\u00fczeyine yerle\u015ftirildi\u011finden tamamen g\u00f6r\u00fcnmez; hem \u00fcretim hem uygulama daha zor, bu y\u00fczden en \u00fcst fiyat segmentinde duruyor.<\/p>\n\n\n\n<p>Yani estetik beklenti y\u00fckseldik\u00e7e, \u00fccret de yukar\u0131 do\u011fru hareket ediyor. Mant\u0131\u011f\u0131 bu kadar basit asl\u0131nda.<\/p>\n\n\n\n<h2 class=\"wp-block-heading\" id=\"\u015feffaf-plak-tedavisi-ne-zaman-daha-mant\u0131kl\u0131\">\u015eeffaf plak tedavisi ne zaman daha mant\u0131kl\u0131<\/h2>\n\n\n\n<figure class=\"wp-block-image size-large\"><img loading=\"lazy\" decoding=\"async\" width=\"1024\" height=\"569\" src=\"https:\/\/lygosdental.com\/wp-content\/uploads\/2026\/04\/Seffaf-plak-tedavisi-ne-zaman-daha-mantikli-1024x569.webp\" alt=\"\u015eeffaf plak tedavisi ne zaman daha mant\u0131kl\u0131\" class=\"wp-image-54524\" title=\"\" srcset=\"https:\/\/lygosdental.com\/wp-content\/uploads\/2026\/04\/Seffaf-plak-tedavisi-ne-zaman-daha-mantikli-1024x569.webp 1024w, https:\/\/lygosdental.com\/wp-content\/uploads\/2026\/04\/Seffaf-plak-tedavisi-ne-zaman-daha-mantikli-300x167.webp 300w, https:\/\/lygosdental.com\/wp-content\/uploads\/2026\/04\/Seffaf-plak-tedavisi-ne-zaman-daha-mantikli-768x427.webp 768w, https:\/\/lygosdental.com\/wp-content\/uploads\/2026\/04\/Seffaf-plak-tedavisi-ne-zaman-daha-mantikli.webp 1080w\" sizes=\"auto, (max-width: 1024px) 100vw, 1024px\" \/><\/figure>\n\n\n\n<p>\u015eeffaf plak \u2014 Invisalign benzeri sistemler \u2014 \u00f6zellikle hafif ve orta \u00e7apra\u015f\u0131kl\u0131klarda \u00f6ne \u00e7\u0131k\u0131yor. \u00c7\u0131kar\u0131labilir olmas\u0131 yemek ve di\u015f bak\u0131m\u0131 s\u0131ras\u0131nda rahatl\u0131k sa\u011fl\u0131yor. Ama her vakaya uygun de\u011fil. Ciddi kapan\u0131\u015f bozukluklar\u0131nda geleneksel tel h\u00e2l\u00e2 daha kontroll\u00fc bir sonu\u00e7 veriyor.<\/p>\n\n\n\n<p>Plak tedavisi Be\u015fikta\u015f gibi merkezlerde daha s\u0131k talep g\u00f6r\u00fcyor; hasta profili genelde daha bilin\u00e7li, beklentisi farkl\u0131. Maliyeti braket sistemlerinden y\u00fcksek olabilir, \u00e7\u00fcnk\u00fc s\u00fcre\u00e7 boyunca kullan\u0131lacak plak say\u0131s\u0131 toplam \u00fccreti do\u011frudan etkiliyor.<\/p>\n\n\n\n<h2 class=\"wp-block-heading\" id=\"tedavi-s\u00fcresi-ve-takip-seanslar\u0131\">Tedavi s\u00fcresi ve takip seanslar\u0131<\/h2>\n\n\n\n<p>Bir ki\u015fide 12 ay s\u00fcren tedavi, ba\u015fkas\u0131nda 26 ay\u0131 bulabilir. Bu fark do\u011frudan fiyat\u0131 etkiliyor. \u00c7\u00fcnk\u00fc ortodonti, tek seferlik bir uygulama de\u011fil; d\u00fczenli kontrol gerektiriyor. Ne kadar uzun s\u00fcre, o kadar \u00e7ok seans, o kadar \u00e7ok ayar.<\/p>\n\n\n\n<p>Lygos Dental gibi s\u00fcreci dijital takiple y\u00f6neten kliniklerde, hastaya ba\u015fta net bir tedavi haritas\u0131 sunuluyor. Bu sayede kontrol seans\u0131 say\u0131s\u0131 ba\u015ftan tahmin edilebilir oluyor. Belirsizlik az oldu\u011funda b\u00fct\u00e7e plan\u0131 da daha ger\u00e7ek\u00e7i oluyor.<\/p>\n\n\n\n<h2 class=\"wp-block-heading\" id=\"\u00e7ocuk-ve-yeti\u015fkin-tedavilerinde-fiyat-fark\u0131-olu\u015fur-mu\">\u00c7ocuk ve yeti\u015fkin tedavilerinde fiyat fark\u0131 olu\u015fur mu<\/h2>\n\n\n\n<p>\u00c7ocuk ortodontisi pratikte daha k\u0131sa s\u00fcr\u00fcyor ve bazen sadece hareketli bir apareyle \u00e7\u00f6z\u00fclebiliyor. O y\u00fczden \u00fccreti yeti\u015fkin tedavisine g\u00f6re daha d\u00fc\u015f\u00fck kal\u0131yor.<\/p>\n\n\n\n<p>Yeti\u015fkinde s\u00fcre\u00e7 daha uzun ve daha katmanl\u0131. Di\u015f eti durumu, eski dolgular, eksik di\u015fler ya da implantlar \u2014 hepsi planlamay\u0131 etkiliyor. \u0130ki grup i\u00e7in ayn\u0131 fiyat aral\u0131\u011f\u0131n\u0131 s\u00f6ylemek bu y\u00fczden zor.<\/p>\n\n\n\n<h2 class=\"wp-block-heading\" id=\"kontrol-retainer-ve-g\u00f6zden-ka\u00e7an-kalemler\">Kontrol, retainer ve g\u00f6zden ka\u00e7an kalemler<\/h2>\n\n\n\n<p>Tedavi ba\u015flarken payla\u015f\u0131lan rakam\u0131n i\u00e7inde tam olarak ne oldu\u011funu sormak ger\u00e7ekten \u00f6nemli. \u015eu kalemler kimi zaman ayr\u0131 faturalan\u0131yor:<\/p>\n\n\n\n<ul class=\"wp-block-list\">\n<li>Tedavi sonras\u0131 retainer (sabit ya da hareketli)<\/li>\n\n\n\n<li>Acil m\u00fcdahaleler \u2014 kopan braket, batan tel gibi<\/li>\n\n\n\n<li>Dijital tarama ve foto\u011frafl\u0131 takip<\/li>\n\n\n\n<li>Profesyonel di\u015f temizli\u011fi<\/li>\n<\/ul>\n\n\n\n<p>Bu kalemler standart pakete dahil mi, yoksa sonradan m\u0131 ekleniyor \u2014 ba\u015flang\u0131\u00e7ta net konu\u015fmak, s\u00fcrpriz maliyetin \u00f6n\u00fcne ge\u00e7iyor.<\/p>\n\n\n\n<h2 class=\"wp-block-heading\" id=\"be\u015fikta\u015fta-klinik-se\u00e7erken-sorman\u0131z-gereken-sorular\">Be\u015fikta\u015f&#8217;ta klinik se\u00e7erken sorman\u0131z gereken sorular<\/h2>\n\n\n\n<figure class=\"wp-block-image size-large\"><img loading=\"lazy\" decoding=\"async\" width=\"1024\" height=\"569\" src=\"https:\/\/lygosdental.com\/wp-content\/uploads\/2026\/04\/Besiktasta-klinik-secerken-sormaniz-gereken-sorular-1024x569.webp\" alt=\"Be\u015fikta\u015f&#039;ta klinik se\u00e7erken sorman\u0131z gereken sorular\" class=\"wp-image-54525\" title=\"\" srcset=\"https:\/\/lygosdental.com\/wp-content\/uploads\/2026\/04\/Besiktasta-klinik-secerken-sormaniz-gereken-sorular-1024x569.webp 1024w, https:\/\/lygosdental.com\/wp-content\/uploads\/2026\/04\/Besiktasta-klinik-secerken-sormaniz-gereken-sorular-300x167.webp 300w, https:\/\/lygosdental.com\/wp-content\/uploads\/2026\/04\/Besiktasta-klinik-secerken-sormaniz-gereken-sorular-768x427.webp 768w, https:\/\/lygosdental.com\/wp-content\/uploads\/2026\/04\/Besiktasta-klinik-secerken-sormaniz-gereken-sorular.webp 1080w\" sizes=\"auto, (max-width: 1024px) 100vw, 1024px\" \/><\/figure>\n\n\n\n<p>Fiyat tek ba\u015f\u0131na bir k\u0131yas arac\u0131 de\u011fil. Ayn\u0131 rakam\u0131 s\u00f6yleyen iki klinik, ayn\u0131 planlama derinli\u011fine sahip olmayabilir. Klinik kar\u015f\u0131la\u015ft\u0131r\u0131rken \u015funlar\u0131 sormak i\u015fe yar\u0131yor:<\/p>\n\n\n\n<ul class=\"wp-block-list\">\n<li>Tedavi plan\u0131 dijital ortamda m\u0131 \u00e7\u0131kart\u0131l\u0131yor?<\/li>\n\n\n\n<li>S\u00fcre\u00e7 ortalama ka\u00e7 ay s\u00fcrecek?<\/li>\n\n\n\n<li>Kontrol seanslar\u0131 hangi s\u0131kl\u0131kta yap\u0131l\u0131yor?<\/li>\n\n\n\n<li>Tedavi sonras\u0131 retainer \u00fccrete dahil mi?<\/li>\n\n\n\n<li>Aciliyet durumlar\u0131nda randevu nas\u0131l a\u00e7\u0131l\u0131yor?<\/li>\n<\/ul>\n\n\n\n<p>Bu sorulara verilen cevaplar, klini\u011fin oturmu\u015f bir sistemi olup olmad\u0131\u011f\u0131n\u0131 birka\u00e7 dakikada g\u00f6steriyor.<\/p>\n\n\n\n<h2 class=\"wp-block-heading\" id=\"planlaman\u0131n-kalitesi-neden-b\u00fct\u00e7eden-daha-\u00e7ok-\u015fey-s\u00f6yler\">Planlaman\u0131n kalitesi neden b\u00fct\u00e7eden daha \u00e7ok \u015fey s\u00f6yler<\/h2>\n\n\n\n<p>Di\u015f teli karar\u0131 verirken \u00e7o\u011fu ki\u015fi \u00f6nce rakama bak\u0131yor. Ama ortodontide as\u0131l sonucu belirleyen, tedavi plan\u0131n\u0131n kalitesi. \u0130yi planlanm\u0131\u015f 18 ay, k\u00f6t\u00fc planlanm\u0131\u015f 30 ay\u0131 geride b\u0131rak\u0131yor \u2014 sonu\u00e7 da, deneyim de daha rahat oluyor.<\/p>\n\n\n\n<p>Lygos Dental gibi planlama odakl\u0131 \u00e7al\u0131\u015fan kliniklerde dijital de\u011ferlendirme ve a\u015fama a\u015fama ilerleyen tedavi mant\u0131\u011f\u0131 i\u015fin temelinde duruyor. Estetik ile fonksiyon aras\u0131ndaki dengeyi ba\u015flang\u0131\u00e7ta net belirlemek, ileride yap\u0131lacak ek i\u015flemleri azalt\u0131yor. Uzun vadede toplam maliyet de asl\u0131nda bu y\u00fczden d\u00fc\u015f\u00fcyor.<\/p>\n\n\n\n<h2 class=\"wp-block-heading\" id=\"son-s\u00f6z\">Son D\u00fc\u015f\u00fcnceler<\/h2>\n\n\n\n<p>Be\u015fikta\u015f&#8217;ta di\u015f teli \u00fccreti ara\u015ft\u0131r\u0131rken kar\u015f\u0131la\u015f\u0131lan rakam \u00e7e\u015fitlili\u011fi \u015fa\u015f\u0131rt\u0131c\u0131 de\u011fil asl\u0131nda. Her klinik farkl\u0131 bir sistem, farkl\u0131 bir takip yakla\u015f\u0131m\u0131, farkl\u0131 bir teknik altyap\u0131 sunuyor. \u00d6nemli olan, say\u0131n\u0131n arkas\u0131nda ne oldu\u011funu g\u00f6rebilmek.<\/p>\n\n\n\n<p>D\u00fczenli planlanm\u0131\u015f bir tedavi, ba\u015ftan a\u00e7\u0131k konu\u015fulmu\u015f bir b\u00fct\u00e7e ve s\u00fcre\u00e7 boyunca ula\u015f\u0131labilir bir ekip \u2014 ortodontide de\u011ferini en ge\u00e7 fark etti\u011finiz \u015feyler oluyor bunlar. Lygos Dental&#8217;in \u0130stanbul&#8217;daki yap\u0131s\u0131 bu \u00fc\u00e7 noktay\u0131 bir arada tutmaya \u00e7al\u0131\u015f\u0131yor; o y\u00fczden Be\u015fikta\u015f&#8217;ta tedavi d\u00fc\u015f\u00fcnenler i\u00e7in k\u0131sa listeye girebilecek se\u00e7eneklerden biri.<\/p>\n\n\n\n<h2 class=\"wp-block-heading\" id=\"s\u0131k\u00e7a-sorulan-sorular\">S\u0131k\u00e7a Sorulan Sorular<\/h2>\n\n\n<div id=\"rank-math-faq\" class=\"rank-math-block\">\n<div class=\"rank-math-list \">\n<div id=\"faq-ea936e8f\" class=\"rank-math-list-item\">\n<h3 class=\"rank-math-question \">Be\u015fikta\u015f&#8217;ta di\u015f teli \u00fccreti ortalama ne kadar?<\/h3>\n<div class=\"rank-math-answer \">\n\n<p>Tedavi t\u00fcr\u00fcne ve vakan\u0131n karma\u015f\u0131kl\u0131\u011f\u0131na g\u00f6re belirgin \u015fekilde de\u011fi\u015fiyor. Metal braketlerde fiyatlar daha uygun, \u015feffaf plak ve lingual sistemlerde \u00fccret yukar\u0131 \u00e7\u0131k\u0131yor. Net rakam ancak muayene sonras\u0131 verilebiliyor; \u00e7\u00fcnk\u00fc s\u00fcre ve teknik se\u00e7im toplam tutar\u0131 do\u011frudan belirliyor.<\/p>\n\n<\/div>\n<\/div>\n<div id=\"faq-7c3420db\" class=\"rank-math-list-item\">\n<h3 class=\"rank-math-question \">\u015eeffaf plak m\u0131 yoksa metal tel mi daha uygun?<\/h3>\n<div class=\"rank-math-answer \">\n\n<p>Hafif ve orta \u00e7apra\u015f\u0131kl\u0131klarda \u015feffaf plak iyi bir se\u00e7enek olabiliyor. Daha karma\u015f\u0131k kapan\u0131\u015f bozukluklar\u0131nda metal tel h\u00e2l\u00e2 daha kontroll\u00fc sonu\u00e7 veriyor. Karar yaln\u0131zca estetik tercihe de\u011fil, vakan\u0131n klinik ihtiyac\u0131na g\u00f6re veriliyor.<\/p>\n\n<\/div>\n<\/div>\n<div id=\"faq-f4de00a1\" class=\"rank-math-list-item\">\n<h3 class=\"rank-math-question \">Tedavi sonunda retainer kullanmak zorunlu mu?<\/h3>\n<div class=\"rank-math-answer \">\n\n<p>Evet. Di\u015fler ortodontik tedavinin ard\u0131ndan eski konumlar\u0131na geri d\u00f6nme e\u011filimi g\u00f6steriyor. Retainer atlan\u0131rsa, aylarca s\u00fcren tedavinin sonucu zaman i\u00e7inde geri d\u00f6nebiliyor.<\/p>\n\n<\/div>\n<\/div>\n<div id=\"faq-50dcb0a3\" class=\"rank-math-list-item\">\n<h3 class=\"rank-math-question \">Di\u015f teli s\u00fcresi vakadan vakaya neden bu kadar de\u011fi\u015fiyor?<\/h3>\n<div class=\"rank-math-answer \">\n\n<p>\u00c7apra\u015f\u0131kl\u0131k seviyesi, kapan\u0131\u015f bozuklu\u011funun t\u00fcr\u00fc, hastan\u0131n ya\u015f\u0131 ve di\u015f yap\u0131s\u0131 s\u00fcreyi etkiliyor. 12 ayl\u0131k tedavi de m\u00fcmk\u00fcn, 24 ay\u0131 a\u015fan tedavi de. S\u00fcre uzad\u0131k\u00e7a \u00fccret de do\u011fal olarak yukar\u0131 \u00e7\u0131k\u0131yor.<\/p>\n\n<\/div>\n<\/div>\n<div id=\"faq-cb2dcb69\" class=\"rank-math-list-item\">\n<h3 class=\"rank-math-question \">Klinik se\u00e7iminde fiyat d\u0131\u015f\u0131nda neye dikkat etmeliyim?<\/h3>\n<div class=\"rank-math-answer \">\n\n<p>Tedavi plan\u0131n\u0131n dijital olarak haz\u0131rlan\u0131p haz\u0131rlanmad\u0131\u011f\u0131, kontrol seans\u0131 s\u0131kl\u0131\u011f\u0131, retainer dahil mi sorusu ve acil durum y\u00f6netimi \u00f6ne \u00e7\u0131k\u0131yor. Ucuz g\u00f6r\u00fcnen bir teklif, sonradan eklenen kalemlerle pahal\u0131ya gelebiliyor.<\/p>\n\n<\/div>\n<\/div>\n<\/div>\n<\/div>","protected":false},"excerpt":{"rendered":"<p>Be\u015fikta\u015f&#8217;ta di\u015f teli ara\u015ft\u0131ran biri i\u00e7in en yorucu k\u0131s\u0131m \u00e7o\u011fu zaman tedavinin kendisi olmuyor. Fiyat oluyor. Bir klinikte muayene sonunda [&hellip;]<\/p>\n","protected":false},"author":7,"featured_media":54520,"comment_status":"closed","ping_status":"closed","sticky":false,"template":"","format":"standard","meta":{"_acf_changed":false,"footnotes":""},"categories":[288,382],"tags":[],"class_list":["post-54502","post","type-post","status-publish","format-standard","has-post-thumbnail","hentry","category-blog","category-estetik-dis-hekimligi"],"acf":[],"_links":{"self":[{"href":"https:\/\/lygosdental.com\/tr\/wp-json\/wp\/v2\/posts\/54502","targetHints":{"allow":["GET"]}}],"collection":[{"href":"https:\/\/lygosdental.com\/tr\/wp-json\/wp\/v2\/posts"}],"about":[{"href":"https:\/\/lygosdental.com\/tr\/wp-json\/wp\/v2\/types\/post"}],"author":[{"embeddable":true,"href":"https:\/\/lygosdental.com\/tr\/wp-json\/wp\/v2\/users\/7"}],"replies":[{"embeddable":true,"href":"https:\/\/lygosdental.com\/tr\/wp-json\/wp\/v2\/comments?post=54502"}],"version-history":[{"count":2,"href":"https:\/\/lygosdental.com\/tr\/wp-json\/wp\/v2\/posts\/54502\/revisions"}],"predecessor-version":[{"id":54526,"href":"https:\/\/lygosdental.com\/tr\/wp-json\/wp\/v2\/posts\/54502\/revisions\/54526"}],"wp:featuredmedia":[{"embeddable":true,"href":"https:\/\/lygosdental.com\/tr\/wp-json\/wp\/v2\/media\/54520"}],"wp:attachment":[{"href":"https:\/\/lygosdental.com\/tr\/wp-json\/wp\/v2\/media?parent=54502"}],"wp:term":[{"taxonomy":"category","embeddable":true,"href":"https:\/\/lygosdental.com\/tr\/wp-json\/wp\/v2\/categories?post=54502"},{"taxonomy":"post_tag","embeddable":true,"href":"https:\/\/lygosdental.com\/tr\/wp-json\/wp\/v2\/tags?post=54502"}],"curies":[{"name":"wp","href":"https:\/\/api.w.org\/{rel}","templated":true}]}}