{"id":54473,"date":"2026-04-28T12:16:26","date_gmt":"2026-04-28T12:16:26","guid":{"rendered":"https:\/\/lygosdental.com\/?p=54473"},"modified":"2026-04-28T12:16:26","modified_gmt":"2026-04-28T12:16:26","slug":"besiktas-dis-beyazlatma","status":"publish","type":"post","link":"https:\/\/lygosdental.com\/tr\/besiktas-dis-beyazlatma\/","title":{"rendered":"Be\u015fikta\u015f&#8217;ta Di\u015f Beyazlatma: Bilin\u00e7li Bir Rehber"},"content":{"rendered":"\n<p>Aynaya bak\u0131p g\u00fcl\u00fcmsedi\u011finizde ilk fark etti\u011finiz \u015fey di\u015flerinizin tonu mu? Be\u015fikta\u015f&#8217;ta ya\u015fayanlar\u0131n son birka\u00e7 y\u0131ld\u0131r estetik di\u015f tedavilerine olan ilgisi belirgin bi\u00e7imde artt\u0131. Beyaz, do\u011fal bir g\u00fcl\u00fc\u015f art\u0131k sadece kameraya poz verirken de\u011fil; i\u015f g\u00f6r\u00fc\u015fmesinden randevuya, d\u0131\u015far\u0131da ge\u00e7irilen s\u0131radan bir ak\u015famda bile fark yaratan k\u00fc\u00e7\u00fck bir detay. Peki s\u00fcre\u00e7 ger\u00e7ekten ne kadar basit, hangi y\u00f6ntemler kal\u0131c\u0131 sonu\u00e7 veriyor ve fiyatlar neden bu kadar geni\u015f bir aral\u0131kta dola\u015f\u0131yor?<\/p>\n\n\n\n<div class=\"wp-block-rank-math-toc-block\" id=\"rank-math-toc\"><h2>\u0130\u00e7indekiler<\/h2><nav><ul><li class=\"\"><a href=\"#be\u015fikta\u015fta-di\u015f-beyazlatma-neden-bu-kadar-konu\u015fuluyor\">Be\u015fikta\u015f&#8217;ta di\u015f beyazlatma neden bu kadar konu\u015fuluyor?<\/a><\/li><li class=\"\"><a href=\"#profesyonel-di\u015f-beyazlatma-nas\u0131l-uygulan\u0131r\">Profesyonel di\u015f beyazlatma nas\u0131l uygulan\u0131r?<\/a><\/li><li class=\"\"><a href=\"#ofis-ve-ev-tipi-y\u00f6ntemler-aras\u0131ndaki-ger\u00e7ek-fark\">Ofis ve ev tipi y\u00f6ntemler aras\u0131ndaki ger\u00e7ek fark<\/a><\/li><li class=\"\"><a href=\"#sonucu-belirleyen-kriterler-asl\u0131nda-\u00e7ok-y\u00f6nl\u00fc\">Sonucu belirleyen kriterler asl\u0131nda \u00e7ok y\u00f6nl\u00fc<\/a><\/li><li class=\"\"><a href=\"#be\u015fikta\u015f-di\u015f-beyazlatma-fiyatlar\u0131n\u0131-ne-belirler\">Be\u015fikta\u015f di\u015f beyazlatma fiyatlar\u0131n\u0131 ne belirler?<\/a><\/li><li class=\"\"><a href=\"#tedavi-\u00f6ncesi-muayene-ger\u00e7ekten-fark-yarat\u0131yor-mu\">Tedavi \u00f6ncesi muayene ger\u00e7ekten fark yarat\u0131yor mu?<\/a><\/li><li class=\"\"><a href=\"#beyazlatma-sonras\u0131-kal\u0131c\u0131l\u0131k-ve-g\u00fcnl\u00fck-rutin\">Beyazlatma sonras\u0131 kal\u0131c\u0131l\u0131k ve g\u00fcnl\u00fck rutin<\/a><\/li><li class=\"\"><a href=\"#lygos-dentalda-s\u00fcre\u00e7-nas\u0131l-\u015fekilleniyor\">Lygos Dental&#8217;da s\u00fcre\u00e7 nas\u0131l \u015fekilleniyor?<\/a><\/li><li class=\"\"><a href=\"#son-d\u00fc\u015f\u00fcnceler\">Son D\u00fc\u015f\u00fcnceler<\/a><\/li><li class=\"\"><a href=\"#s\u0131k\u00e7a-sorulan-sorular\">S\u0131k\u00e7a Sorulan Sorular<\/a><ul><li class=\"\"><a href=\"#faq-54b70a4b\">Be\u015fikta\u015f&#8217;ta di\u015f beyazlatma ka\u00e7 seans s\u00fcrer?<\/a><\/li><li class=\"\"><a href=\"#faq-e0c68c4d\">Di\u015f beyazlatma sonras\u0131 a\u011fr\u0131 yapar m\u0131?<\/a><\/li><li class=\"\"><a href=\"#faq-b7bfe112\">Beyazlatma etkisi ne kadar s\u00fcreyle korunur?<\/a><\/li><li class=\"\"><a href=\"#faq-19b1961b\">Lygos Dental&#8217;\u0131 tercih etmek i\u00e7in somut bir avantaj var m\u0131?<\/a><\/li><li class=\"\"><a href=\"#faq-ecc00d49\">Be\u015fikta\u015f&#8217;taki di\u015f beyazlatma fiyatlar\u0131 neye g\u00f6re de\u011fi\u015fir?<\/a><\/li><\/ul><\/li><\/ul><\/nav><\/div>\n\n\n\n<h2 class=\"wp-block-heading\" id=\"be\u015fikta\u015fta-di\u015f-beyazlatma-neden-bu-kadar-konu\u015fuluyor\">Be\u015fikta\u015f&#8217;ta di\u015f beyazlatma neden bu kadar konu\u015fuluyor?<\/h2>\n\n\n\n<p>Be\u015fikta\u015f, hem i\u015f hayat\u0131n\u0131n yo\u011fun oldu\u011fu hem de sosyal hareketlili\u011fin y\u00fcksek oldu\u011fu bir b\u00f6lge. Bu durum, ki\u015fisel g\u00f6r\u00fcn\u00fcme ayr\u0131lan zaman\u0131 do\u011frudan etkiliyor. \u00c7o\u011fu hasta beyazlatmay\u0131 uzun s\u00fcre erteledikten sonra, \u00f6zel bir g\u00fcn ya da k\u00fc\u00e7\u00fck bir karar de\u011fi\u015fikli\u011fiyle randevu al\u0131yor.<\/p>\n\n\n\n<p>Ama tek belirleyici sebep estetik de\u011fil. Kahve, sigara, \u00e7ay, ya\u015fa ba\u011fl\u0131 renklenmeler&#8230; Liste olduk\u00e7a uzun. Ve hasta uzman\u0131n kar\u015f\u0131s\u0131na oturdu\u011funda, \u00e7o\u011funlukla d\u00fc\u015f\u00fcnd\u00fc\u011f\u00fcnden daha fazla se\u00e7ene\u011fi oldu\u011funu fark ediyor.<\/p>\n\n\n\n<h2 class=\"wp-block-heading\" id=\"profesyonel-di\u015f-beyazlatma-nas\u0131l-uygulan\u0131r\">Profesyonel di\u015f beyazlatma nas\u0131l uygulan\u0131r?<\/h2>\n\n\n\n<p>Klinik ortam\u0131nda yap\u0131lan beyazlatma, evde kullan\u0131lan kit ve \u015feritlerden hem konsantrasyon hem de kontrol a\u00e7\u0131s\u0131ndan farkl\u0131. \u0130\u015flem, di\u015fetinin koruyucu bir bariyerle kapat\u0131lmas\u0131yla ba\u015flar. Ard\u0131ndan \u00f6zel bir jel uygulan\u0131r. Baz\u0131 protokollerde aktivasyon i\u00e7in \u0131\u015f\u0131k kullan\u0131l\u0131r, baz\u0131lar\u0131nda kullan\u0131lmaz. S\u00fcre\u00e7 \u00e7o\u011funlukla tek seansta tamamlan\u0131r; fakat ba\u015flang\u0131\u00e7 tonu koyu olan di\u015flerde ikinci bir seans planlanabilir. Sonucun belirginli\u011fi di\u015fin yap\u0131s\u0131na, mine kal\u0131nl\u0131\u011f\u0131na ve renklenmenin as\u0131l kayna\u011f\u0131na ba\u011fl\u0131.<\/p>\n\n\n\n<h2 class=\"wp-block-heading\" id=\"ofis-ve-ev-tipi-y\u00f6ntemler-aras\u0131ndaki-ger\u00e7ek-fark\">Ofis ve ev tipi y\u00f6ntemler aras\u0131ndaki ger\u00e7ek fark<\/h2>\n\n\n\n<p>\u0130ki y\u00f6ntem de ayn\u0131 amaca hizmet etse de mant\u0131klar\u0131 olduk\u00e7a farkl\u0131. Hangi se\u00e7ene\u011fin uygun oldu\u011fu, di\u015fin yap\u0131s\u0131na ve hastan\u0131n g\u00fcnl\u00fck rutinine g\u00f6re de\u011fi\u015fiyor.<\/p>\n\n\n\n<ul class=\"wp-block-list\">\n<li><strong>Ofis tipi:<\/strong> Tek seansta belirgin sonu\u00e7, uzman kontrol\u00fcnde uygulama, di\u015feti korumas\u0131 a\u00e7\u0131s\u0131ndan daha g\u00fcvenli.<\/li>\n\n\n\n<li><strong>Ev tipi:<\/strong> Ki\u015fiye \u00f6zel haz\u0131rlanan ka\u015f\u0131klarla, daha d\u00fc\u015f\u00fck yo\u011funluklu jel kullan\u0131larak g\u00fcnlere yay\u0131lan bir uygulama.<\/li>\n\n\n\n<li><strong>Kombine yakla\u015f\u0131m:<\/strong> Baz\u0131 vakalarda iki y\u00f6ntem birbirini tamamlayacak \u015fekilde planlan\u0131r.<\/li>\n\n\n\n<li><strong>Hassasiyete g\u00f6re uyarlanm\u0131\u015f protokol:<\/strong> Mine yap\u0131s\u0131 ince hastalarda jel konsantrasyonu ve s\u00fcre buna g\u00f6re ayarlan\u0131r.<\/li>\n<\/ul>\n\n\n\n<p>Yani karar, hastan\u0131n tek ba\u015f\u0131na yapt\u0131\u011f\u0131 bir tercih de\u011fil. Bir planlama meselesi.<\/p>\n\n\n\n<h2 class=\"wp-block-heading\" id=\"sonucu-belirleyen-kriterler-asl\u0131nda-\u00e7ok-y\u00f6nl\u00fc\">Sonucu belirleyen kriterler asl\u0131nda \u00e7ok y\u00f6nl\u00fc<\/h2>\n\n\n\n<p>Ayn\u0131 y\u00f6ntem iki farkl\u0131 hastada ayn\u0131 parlakl\u0131\u011f\u0131 vermeyebilir. \u00c7\u00fcnk\u00fc mine kal\u0131nl\u0131\u011f\u0131, di\u015fin ba\u015flang\u0131\u00e7 rengi, dolgu varl\u0131\u011f\u0131, kaplama veya eski kanal tedavileri s\u00fcrecin tamam\u0131n\u0131 etkiler. Bu detaylar genellikle tedavi \u00f6ncesi muayenede ortaya \u00e7\u0131k\u0131yor ve hastayla net bi\u00e7imde payla\u015f\u0131l\u0131yor. \u015e\u00f6yle ki: dolgulu bir di\u015f beyazlatmadan etkilenmez. Bu da baz\u0131 dolgular\u0131n sonradan yenilenmesini gerektirebilir.<\/p>\n\n\n\n<h2 class=\"wp-block-heading\" id=\"be\u015fikta\u015f-di\u015f-beyazlatma-fiyatlar\u0131n\u0131-ne-belirler\">Be\u015fikta\u015f di\u015f beyazlatma fiyatlar\u0131n\u0131 ne belirler?<\/h2>\n\n\n\n<p>Fiyat, \u00e7o\u011fu hastan\u0131n ilk sordu\u011fu sorulardan biri. Tek ba\u015f\u0131na de\u011ferlendirilemeyecek bir konu olsa da. \u20ba cinsinden geni\u015f bir aral\u0131k g\u00f6rmenizin nedeni, her tedavinin asl\u0131nda ayr\u0131 bir planlama gerektirmesi. Belirleyici etmenler \u015funlar:<\/p>\n\n\n\n<ul class=\"wp-block-list\">\n<li>Kullan\u0131lan beyazlatma sisteminin t\u00fcr\u00fc<\/li>\n\n\n\n<li>Seans say\u0131s\u0131 ve toplam uygulama s\u00fcresi<\/li>\n\n\n\n<li>Tedavi \u00f6ncesi yap\u0131lan de\u011ferlendirmenin kapsam\u0131<\/li>\n\n\n\n<li>Di\u015f eti sa\u011fl\u0131\u011f\u0131 ve gerekiyorsa yap\u0131lacak \u00f6n bak\u0131m<\/li>\n\n\n\n<li>Klinik altyap\u0131s\u0131 ve uzman\u0131n yakla\u015f\u0131m\u0131<\/li>\n<\/ul>\n\n\n\n<p>Sadece rakamlara bakarak karar vermek, \u00e7o\u011fu zaman k\u0131sa s\u00fcre sonra yeniden tedavi gereklili\u011fini do\u011furuyor. Bu da beklenen tasarrufun tam tersine i\u015fliyor.<\/p>\n\n\n\n<h2 class=\"wp-block-heading\" id=\"tedavi-\u00f6ncesi-muayene-ger\u00e7ekten-fark-yarat\u0131yor-mu\">Tedavi \u00f6ncesi muayene ger\u00e7ekten fark yarat\u0131yor mu?<\/h2>\n\n\n\n<p>Kesinlikle. Beyazlatma, d\u0131\u015f g\u00f6r\u00fcn\u00fc\u015f\u00fc de\u011fi\u015ftiren bir uygulama gibi d\u00fc\u015f\u00fcn\u00fclse de temelde a\u011f\u0131z sa\u011fl\u0131\u011f\u0131yla i\u00e7 i\u00e7e. Di\u015f eti \u00e7ekilmesi, \u00e7\u00fcr\u00fck, hassasiyet ya da dolgu s\u0131n\u0131rlar\u0131ndaki sorunlar \u00f6nceden de\u011ferlendirilmedi\u011finde, sonu\u00e7 hem estetik hem de konfor a\u00e7\u0131s\u0131ndan s\u0131n\u0131rl\u0131 kal\u0131yor. Lygos Dental gibi yap\u0131land\u0131r\u0131lm\u0131\u015f kliniklerde s\u00fcre\u00e7 genellikle dijital de\u011ferlendirme ve detayl\u0131 muayeneyle ba\u015fl\u0131yor. \u00c7\u00fcnk\u00fc do\u011fru planlama yap\u0131lmadan ba\u015flat\u0131lan bir tedavi, beklentiyle uyu\u015fmayan sonu\u00e7lara yol a\u00e7abiliyor.<\/p>\n\n\n\n<h2 class=\"wp-block-heading\" id=\"beyazlatma-sonras\u0131-kal\u0131c\u0131l\u0131k-ve-g\u00fcnl\u00fck-rutin\">Beyazlatma sonras\u0131 kal\u0131c\u0131l\u0131k ve g\u00fcnl\u00fck rutin<\/h2>\n\n\n\n<figure class=\"wp-block-image size-large\"><img loading=\"lazy\" decoding=\"async\" width=\"1024\" height=\"569\" src=\"https:\/\/lygosdental.com\/wp-content\/uploads\/2026\/04\/Beyazlatma-sonrasi-kalicilik-ve-gunluk-rutin-1024x569.webp\" alt=\"Beyazlatma sonras\u0131 kal\u0131c\u0131l\u0131k ve g\u00fcnl\u00fck rutin\" class=\"wp-image-54477\" title=\"\" srcset=\"https:\/\/lygosdental.com\/wp-content\/uploads\/2026\/04\/Beyazlatma-sonrasi-kalicilik-ve-gunluk-rutin-1024x569.webp 1024w, https:\/\/lygosdental.com\/wp-content\/uploads\/2026\/04\/Beyazlatma-sonrasi-kalicilik-ve-gunluk-rutin-300x167.webp 300w, https:\/\/lygosdental.com\/wp-content\/uploads\/2026\/04\/Beyazlatma-sonrasi-kalicilik-ve-gunluk-rutin-768x427.webp 768w, https:\/\/lygosdental.com\/wp-content\/uploads\/2026\/04\/Beyazlatma-sonrasi-kalicilik-ve-gunluk-rutin.webp 1080w\" sizes=\"auto, (max-width: 1024px) 100vw, 1024px\" \/><\/figure>\n\n\n\n<p>\u0130\u015flemden sonraki ilk 48 saat olduk\u00e7a belirleyici. Kahve, k\u0131rm\u0131z\u0131 \u015farap, \u00e7ay, kola, hatta yo\u011fun baharatl\u0131 yemekler bu s\u00fcrede uzak durulmas\u0131 \u00f6nerilenler aras\u0131nda. Sonras\u0131nda her \u015fey al\u0131\u015fkanl\u0131klara d\u00f6n\u00fcyor.<\/p>\n\n\n\n<p>Pratikte etkiyi koruyan birka\u00e7 temel davran\u0131\u015f var:<\/p>\n\n\n\n<ul class=\"wp-block-list\">\n<li>D\u00fczenli profesyonel temizlik<\/li>\n\n\n\n<li>Sigara t\u00fcketiminin azalt\u0131lmas\u0131 ya da b\u0131rak\u0131lmas\u0131<\/li>\n\n\n\n<li>Renk veren yiyecek ve i\u00e7eceklerde dengeli bir tutum<\/li>\n\n\n\n<li>Gece s\u0131kma al\u0131\u015fkanl\u0131\u011f\u0131 varsa gece pla\u011f\u0131 kullan\u0131m\u0131<\/li>\n<\/ul>\n\n\n\n<p>Yani s\u00fcre\u00e7 bir noktada bitmiyor. Al\u0131\u015fkanl\u0131klarla birlikte devam ediyor.<\/p>\n\n\n\n<h2 class=\"wp-block-heading\" id=\"lygos-dentalda-s\u00fcre\u00e7-nas\u0131l-\u015fekilleniyor\">Lygos Dental&#8217;da s\u00fcre\u00e7 nas\u0131l \u015fekilleniyor?<\/h2>\n\n\n\n<figure class=\"wp-block-image size-large\"><img loading=\"lazy\" decoding=\"async\" width=\"1024\" height=\"569\" src=\"https:\/\/lygosdental.com\/wp-content\/uploads\/2026\/04\/Lygos-Dentalda-surec-nasil-sekilleniyor-1024x569.webp\" alt=\"Lygos Dental&#039;da s\u00fcre\u00e7 nas\u0131l \u015fekilleniyor\" class=\"wp-image-54478\" title=\"\" srcset=\"https:\/\/lygosdental.com\/wp-content\/uploads\/2026\/04\/Lygos-Dentalda-surec-nasil-sekilleniyor-1024x569.webp 1024w, https:\/\/lygosdental.com\/wp-content\/uploads\/2026\/04\/Lygos-Dentalda-surec-nasil-sekilleniyor-300x167.webp 300w, https:\/\/lygosdental.com\/wp-content\/uploads\/2026\/04\/Lygos-Dentalda-surec-nasil-sekilleniyor-768x427.webp 768w, https:\/\/lygosdental.com\/wp-content\/uploads\/2026\/04\/Lygos-Dentalda-surec-nasil-sekilleniyor.webp 1080w\" sizes=\"auto, (max-width: 1024px) 100vw, 1024px\" \/><\/figure>\n\n\n\n<p>Lygos Dental, \u0130stanbul&#8217;da hizmet veren ve estetik di\u015f tedavilerini ki\u015fiye \u00f6zel planlamayla y\u00fcr\u00fcten bir klinik. Beyazlatma s\u00fcreci, dijital de\u011ferlendirme, a\u011f\u0131z i\u00e7i muayene ve hasta beklentisinin netle\u015ftirilmesiyle ba\u015fl\u0131yor. Tedavi plan\u0131 yaln\u0131zca beyazlatmadan ibaret de\u011fil; gerekirse \u00f6ncesinde k\u00fc\u00e7\u00fck dokunu\u015flar da kapsama al\u0131n\u0131yor. \u0130leti\u015fim \u00f6n planda. Yani hangi sonucun ger\u00e7ek\u00e7i, hangisinin s\u0131n\u0131rl\u0131 kalaca\u011f\u0131 s\u00fcre\u00e7 ba\u015flamadan a\u00e7\u0131k\u00e7a payla\u015f\u0131l\u0131yor. Bu yakla\u015f\u0131m, hastan\u0131n net bir beklentiyle ilerlemesini sa\u011fl\u0131yor ve ileride ya\u015fanabilecek hayal k\u0131r\u0131kl\u0131klar\u0131n\u0131n \u00f6n\u00fcne ge\u00e7iyor.<\/p>\n\n\n\n<h2 class=\"wp-block-heading\" id=\"son-d\u00fc\u015f\u00fcnceler\">Son D\u00fc\u015f\u00fcnceler<\/h2>\n\n\n\n<p>Di\u015f beyazlatma, ilk bak\u0131\u015fta tek ba\u015f\u0131na kozmetik bir i\u015flem gibi g\u00f6r\u00fcnse de do\u011fru planlamayla yap\u0131ld\u0131\u011f\u0131nda uzun vadeli bir yat\u0131r\u0131ma d\u00f6n\u00fc\u015f\u00fcyor. Be\u015fikta\u015f gibi ula\u015f\u0131m\u0131 kolay ve klinik se\u00e7eneklerinin yo\u011fun oldu\u011fu bir b\u00f6lgede, do\u011fru klini\u011fi se\u00e7mek as\u0131l fark yaratan unsur. Tedavi \u00f6ncesi yap\u0131lan de\u011ferlendirme, beklentinin ger\u00e7ek\u00e7i payla\u015f\u0131lmas\u0131 ve sonras\u0131nda verilen bak\u0131m \u00f6nerileri, sonucun ne kadar s\u00fcre korunaca\u011f\u0131n\u0131 belirliyor. Lygos Dental&#8217;\u0131n yap\u0131land\u0131r\u0131lm\u0131\u015f tedavi s\u00fcreci ve \u015feffaf planlama yakla\u015f\u0131m\u0131, b\u00f6lgede tedaviyi d\u00fc\u015f\u00fcnenler i\u00e7in de\u011ferlendirilmesi anlaml\u0131 bir se\u00e7enek olarak \u00f6ne \u00e7\u0131k\u0131yor.<\/p>\n\n\n\n<h2 class=\"wp-block-heading\" id=\"s\u0131k\u00e7a-sorulan-sorular\">S\u0131k\u00e7a Sorulan Sorular<\/h2>\n\n\n<div id=\"rank-math-faq\" class=\"rank-math-block\">\n<div class=\"rank-math-list \">\n<div id=\"faq-54b70a4b\" class=\"rank-math-list-item\">\n<h3 class=\"rank-math-question \">Be\u015fikta\u015f&#8217;ta di\u015f beyazlatma ka\u00e7 seans s\u00fcrer?<\/h3>\n<div class=\"rank-math-answer \">\n\n<p>\u00c7o\u011fu vakada tek seansta tamamlan\u0131r. Ba\u015flang\u0131\u00e7 rengi koyu olan ya da hassasiyet g\u00f6zlemlenen di\u015flerde ikinci bir seans planlanabilir.<\/p>\n\n<\/div>\n<\/div>\n<div id=\"faq-e0c68c4d\" class=\"rank-math-list-item\">\n<h3 class=\"rank-math-question \">Di\u015f beyazlatma sonras\u0131 a\u011fr\u0131 yapar m\u0131?<\/h3>\n<div class=\"rank-math-answer \">\n\n<p>Hafif ve ge\u00e7ici bir hassasiyet olabilir, fakat genellikle 24-48 saat i\u00e7inde kendili\u011finden ge\u00e7er. Hassas di\u015flere sahip hastalar i\u00e7in \u00f6zel protokoller uygulan\u0131r.<\/p>\n\n<\/div>\n<\/div>\n<div id=\"faq-b7bfe112\" class=\"rank-math-list-item\">\n<h3 class=\"rank-math-question \">Beyazlatma etkisi ne kadar s\u00fcreyle korunur?<\/h3>\n<div class=\"rank-math-answer \">\n\n<p>Bireysel al\u0131\u015fkanl\u0131klara ba\u011fl\u0131 olarak ortalama 1 ila 2 y\u0131l aras\u0131nda de\u011fi\u015fir. Sigara, kahve ve d\u00fczensiz bak\u0131m bu s\u00fcreyi belirgin bi\u00e7imde k\u0131saltabilir.<\/p>\n\n<\/div>\n<\/div>\n<div id=\"faq-19b1961b\" class=\"rank-math-list-item\">\n<h3 class=\"rank-math-question \">Lygos Dental&#8217;\u0131 tercih etmek i\u00e7in somut bir avantaj var m\u0131?<\/h3>\n<div class=\"rank-math-answer \">\n\n<p>Tedavinin dijital de\u011ferlendirme ve detayl\u0131 planlamayla ba\u015flamas\u0131, sonucun ger\u00e7ek\u00e7i \u015fekilde \u00f6nceden payla\u015f\u0131lmas\u0131 ve tedavi sonras\u0131 takibin yap\u0131land\u0131r\u0131lm\u0131\u015f olmas\u0131, bilin\u00e7li bir tercih i\u00e7in belirleyici.<\/p>\n\n<\/div>\n<\/div>\n<div id=\"faq-ecc00d49\" class=\"rank-math-list-item\">\n<h3 class=\"rank-math-question \">Be\u015fikta\u015f&#8217;taki di\u015f beyazlatma fiyatlar\u0131 neye g\u00f6re de\u011fi\u015fir?<\/h3>\n<div class=\"rank-math-answer \">\n\n<p>Kullan\u0131lan sistem, seans say\u0131s\u0131, \u00f6n muayenenin kapsam\u0131 ve gerekirse yap\u0131lacak \u00f6n bak\u0131m maliyeti do\u011frudan etkiler. Sadece fiyata bakarak karar vermek genelde ek tedavi ihtiyac\u0131 do\u011furur.<\/p>\n\n<\/div>\n<\/div>\n<\/div>\n<\/div>","protected":false},"excerpt":{"rendered":"<p>Aynaya bak\u0131p g\u00fcl\u00fcmsedi\u011finizde ilk fark etti\u011finiz \u015fey di\u015flerinizin tonu mu? Be\u015fikta\u015f&#8217;ta ya\u015fayanlar\u0131n son birka\u00e7 y\u0131ld\u0131r estetik di\u015f tedavilerine olan ilgisi [&hellip;]<\/p>\n","protected":false},"author":7,"featured_media":54476,"comment_status":"closed","ping_status":"closed","sticky":false,"template":"","format":"standard","meta":{"_acf_changed":false,"footnotes":""},"categories":[288,382],"tags":[],"class_list":["post-54473","post","type-post","status-publish","format-standard","has-post-thumbnail","hentry","category-blog","category-estetik-dis-hekimligi"],"acf":[],"_links":{"self":[{"href":"https:\/\/lygosdental.com\/tr\/wp-json\/wp\/v2\/posts\/54473","targetHints":{"allow":["GET"]}}],"collection":[{"href":"https:\/\/lygosdental.com\/tr\/wp-json\/wp\/v2\/posts"}],"about":[{"href":"https:\/\/lygosdental.com\/tr\/wp-json\/wp\/v2\/types\/post"}],"author":[{"embeddable":true,"href":"https:\/\/lygosdental.com\/tr\/wp-json\/wp\/v2\/users\/7"}],"replies":[{"embeddable":true,"href":"https:\/\/lygosdental.com\/tr\/wp-json\/wp\/v2\/comments?post=54473"}],"version-history":[{"count":2,"href":"https:\/\/lygosdental.com\/tr\/wp-json\/wp\/v2\/posts\/54473\/revisions"}],"predecessor-version":[{"id":54479,"href":"https:\/\/lygosdental.com\/tr\/wp-json\/wp\/v2\/posts\/54473\/revisions\/54479"}],"wp:featuredmedia":[{"embeddable":true,"href":"https:\/\/lygosdental.com\/tr\/wp-json\/wp\/v2\/media\/54476"}],"wp:attachment":[{"href":"https:\/\/lygosdental.com\/tr\/wp-json\/wp\/v2\/media?parent=54473"}],"wp:term":[{"taxonomy":"category","embeddable":true,"href":"https:\/\/lygosdental.com\/tr\/wp-json\/wp\/v2\/categories?post=54473"},{"taxonomy":"post_tag","embeddable":true,"href":"https:\/\/lygosdental.com\/tr\/wp-json\/wp\/v2\/tags?post=54473"}],"curies":[{"name":"wp","href":"https:\/\/api.w.org\/{rel}","templated":true}]}}