{"id":54456,"date":"2026-04-28T08:16:12","date_gmt":"2026-04-28T08:16:12","guid":{"rendered":"https:\/\/lygosdental.com\/?p=54456"},"modified":"2026-04-28T08:16:12","modified_gmt":"2026-04-28T08:16:12","slug":"besiktas-porselen-dis","status":"publish","type":"post","link":"https:\/\/lygosdental.com\/tr\/besiktas-porselen-dis\/","title":{"rendered":"Be\u015fikta\u015f Porselen Di\u015f: Do\u011fal Sonu\u00e7 \u0130\u00e7in Bilmeniz Gerekenler"},"content":{"rendered":"\n<p>Aynaya bak\u0131p \u00f6n di\u015flerin rengi ya da \u015fekliyle ilgili bir his tutturmak \u2014 \u00e7o\u011fu hasta bu noktadan ba\u015fl\u0131yor. Porselen di\u015f, h\u0131zl\u0131 bir kozmetik dokunu\u015f gibi g\u00f6r\u00fcnebiliyor. Asl\u0131nda do\u011fru sonu\u00e7, \u00e7o\u011fu zaman d\u00fc\u015f\u00fcn\u00fclenden \u00e7ok daha detayl\u0131 bir planlamaya ba\u011fl\u0131. Be\u015fikta\u015f, hem ula\u015f\u0131m\u0131 kolay hem de iyi yap\u0131land\u0131r\u0131lm\u0131\u015f kliniklere ev sahipli\u011fi yapan bir b\u00f6lge oldu\u011fundan, tedaviyi yak\u0131ndan takip etmek isteyen hastalar i\u00e7in pratik bir tercih oluyor. Peki karar vermeden \u00f6nce nelere bakmak gerek? A\u015fa\u011f\u0131da hem s\u00fcre\u00e7 hem de se\u00e7imler \u00fczerinden net bir \u00e7er\u00e7eve \u00e7iziyoruz.<\/p>\n\n\n\n<h2 class=\"wp-block-heading\" id=\"porselen-di\u015f-nedir-neden-bu-kadar-konu\u015fuluyor\">Porselen Di\u015f Nedir, Neden Bu Kadar Konu\u015fuluyor?<\/h2>\n\n\n\n<p>Porselen, di\u015fin do\u011fal yap\u0131s\u0131na \u00e7ok yak\u0131n \u0131\u015f\u0131k ge\u00e7irgenli\u011fine sahip bir materyal. Yani g\u00fcl\u00fcmsedi\u011finizde \u201ckaplama yapt\u0131rm\u0131\u015f\u201d hissi pek vermez. Lekelenmeye dayan\u0131kl\u0131d\u0131r. Kahve, \u00e7ay, k\u0131rm\u0131z\u0131 \u015farap g\u00fcnl\u00fck rutinin par\u00e7as\u0131ysa bu fark ger\u00e7ekten anla\u015f\u0131l\u0131r. Estetik kayg\u0131lar\u0131n yan\u0131nda, k\u0131r\u0131lm\u0131\u015f ya da a\u015f\u0131nm\u0131\u015f di\u015flerin i\u015flevini eski haline getirmek i\u00e7in de s\u0131kl\u0131kla tercih ediliyor. Do\u011fru planland\u0131\u011f\u0131nda uzun y\u0131llar sorunsuz kalabiliyor; planlama atlan\u0131nca da en kaliteli porselen bile beklenen hissi vermiyor.<\/p>\n\n\n\n<div class=\"wp-block-rank-math-toc-block\" id=\"rank-math-toc\"><h2>\u0130\u00e7indekiler<\/h2><nav><ul><li class=\"\"><a href=\"#porselen-di\u015f-nedir-neden-bu-kadar-konu\u015fuluyor\">Porselen Di\u015f Nedir, Neden Bu Kadar Konu\u015fuluyor?<\/a><\/li><li class=\"\"><a href=\"#be\u015fikta\u015f\u0131-tedavi-i\u00e7in-pratik-k\u0131lan-\u015fey-ne\">Be\u015fikta\u015f&#8217;\u0131 Tedavi \u0130\u00e7in Pratik K\u0131lan \u015eey Ne?<\/a><\/li><li class=\"\"><a href=\"#tedaviye-ba\u015flamadan-\u00f6nce-d\u00fc\u015f\u00fcn\u00fclmesi-gerekenler\">Tedaviye Ba\u015flamadan \u00d6nce D\u00fc\u015f\u00fcn\u00fclmesi Gerekenler<\/a><\/li><li class=\"\"><a href=\"#lamine-mi-tam-kaplama-m\u0131-karar-nas\u0131l-veriliyor\">Lamine mi, Tam Kaplama m\u0131? Karar Nas\u0131l Veriliyor?<\/a><\/li><li class=\"\"><a href=\"#s\u00fcre\u00e7-pratikte-nas\u0131l-ilerliyor\">S\u00fcre\u00e7 Pratikte Nas\u0131l \u0130lerliyor?<\/a><\/li><li class=\"\"><a href=\"#do\u011fal-g\u00f6r\u00fcn\u00fcm\u00fcn-s\u0131rr\u0131-tasar\u0131mda-sakl\u0131\">Do\u011fal G\u00f6r\u00fcn\u00fcm\u00fcn S\u0131rr\u0131 Tasar\u0131mda Sakl\u0131<\/a><\/li><li class=\"\"><a href=\"#fiyat\u0131-belirleyen-\u015fey-sadece-di\u015f-say\u0131s\u0131-de\u011fil\">Fiyat\u0131 Belirleyen \u015eey Sadece Di\u015f Say\u0131s\u0131 De\u011fil<\/a><\/li><li class=\"\"><a href=\"#tedaviden-sonra-hayat-nas\u0131l\">Tedaviden Sonra Hayat Nas\u0131l?<\/a><\/li><li class=\"\"><a href=\"#son-de\u011ferlendirme\">Son De\u011ferlendirme<\/a><\/li><li class=\"\"><a href=\"#s\u0131k\u00e7a-sorulan-sorular\">S\u0131k\u00e7a Sorulan Sorular<\/a><ul><li class=\"\"><a href=\"#faq-567863a0\">Be\u015fikta\u015f&#8217;ta porselen di\u015f tedavisi ka\u00e7 seansta tamamlan\u0131r?<\/a><\/li><li class=\"\"><a href=\"#faq-67041fd6\">Porselen kaplama m\u0131, zirkonyum kron mu daha uygun?<\/a><\/li><li class=\"\"><a href=\"#faq-577bf839\">Be\u015fikta\u015f&#8217;ta porselen di\u015f fiyatlar\u0131 neye g\u00f6re de\u011fi\u015fir?<\/a><\/li><li class=\"\"><a href=\"#faq-5db08fcb\">Porselen di\u015fler ka\u00e7 y\u0131l dayan\u0131r?<\/a><\/li><li class=\"\"><a href=\"#faq-6cbb9797\">Tedavi sonras\u0131nda a\u011fr\u0131 veya hassasiyet olur mu?<\/a><\/li><\/ul><\/li><\/ul><\/nav><\/div>\n\n\n\n<h2 class=\"wp-block-heading\" id=\"be\u015fikta\u015f\u0131-tedavi-i\u00e7in-pratik-k\u0131lan-\u015fey-ne\">Be\u015fikta\u015f&#8217;\u0131 Tedavi \u0130\u00e7in Pratik K\u0131lan \u015eey Ne?<\/h2>\n\n\n\n<figure class=\"wp-block-image size-large\"><img loading=\"lazy\" decoding=\"async\" width=\"1024\" height=\"569\" src=\"https:\/\/lygosdental.com\/wp-content\/uploads\/2026\/04\/Besiktasi-Tedavi-Icin-Pratik-Kilan-Sey-Ne-1024x569.webp\" alt=\"Be\u015fikta\u015f&#039;\u0131 Tedavi \u0130\u00e7in Pratik K\u0131lan \u015eey Ne\" class=\"wp-image-54460\" title=\"\" srcset=\"https:\/\/lygosdental.com\/wp-content\/uploads\/2026\/04\/Besiktasi-Tedavi-Icin-Pratik-Kilan-Sey-Ne-1024x569.webp 1024w, https:\/\/lygosdental.com\/wp-content\/uploads\/2026\/04\/Besiktasi-Tedavi-Icin-Pratik-Kilan-Sey-Ne-300x167.webp 300w, https:\/\/lygosdental.com\/wp-content\/uploads\/2026\/04\/Besiktasi-Tedavi-Icin-Pratik-Kilan-Sey-Ne-768x427.webp 768w, https:\/\/lygosdental.com\/wp-content\/uploads\/2026\/04\/Besiktasi-Tedavi-Icin-Pratik-Kilan-Sey-Ne.webp 1080w\" sizes=\"auto, (max-width: 1024px) 100vw, 1024px\" \/><\/figure>\n\n\n\n<p>\u0130stanbul&#8217;da ya\u015f\u0131yorsan\u0131z ula\u015f\u0131m \u00e7o\u011fu zaman karar verirken \u00f6n plana \u00e7\u0131k\u0131yor. Be\u015fikta\u015f, Avrupa yakas\u0131n\u0131n merkezi konumlar\u0131na yak\u0131n. Ayn\u0131 zamanda \u00e7evre il\u00e7elerden vapur, metro veya otob\u00fcsle rahat\u00e7a ula\u015f\u0131labilen bir b\u00f6lge. Tedavi kontrolleri i\u00e7in defalarca gidip gelmek gerekebilece\u011fi d\u00fc\u015f\u00fcn\u00fcld\u00fc\u011f\u00fcnde bu hi\u00e7 de k\u00fc\u00e7\u00fck bir ayr\u0131nt\u0131 de\u011fil. Bir randevu ka\u00e7\u0131rmamak ya da kontrol\u00fc ertelememek pratikte tedavinin ak\u0131\u015f\u0131n\u0131 koruyor. Bir ba\u015fka avantaj da y\u00fcz y\u00fcze g\u00f6r\u00fc\u015fme imk\u00e2n\u0131n\u0131n her a\u015famada masada olmas\u0131. Estetik tedavilerde k\u00fc\u00e7\u00fck detaylar\u0131 s\u00f6zl\u00fc ifade etmek bazen yetmez \u2014 klini\u011fe u\u011fray\u0131p aynaya bakarak konu\u015fmak genelde \u00e7ok daha verimli.<\/p>\n\n\n\n<h2 class=\"wp-block-heading\" id=\"tedaviye-ba\u015flamadan-\u00f6nce-d\u00fc\u015f\u00fcn\u00fclmesi-gerekenler\">Tedaviye Ba\u015flamadan \u00d6nce D\u00fc\u015f\u00fcn\u00fclmesi Gerekenler<\/h2>\n\n\n\n<p>Estetik bir karar \u2014 ama alt\u0131nda klinik bir s\u00fcre\u00e7 var. \u0130lk g\u00f6r\u00fc\u015fme \u00f6ncesinde \u015fu ba\u015fl\u0131klar\u0131 akl\u0131n\u0131zda tutmak i\u015finizi kolayla\u015ft\u0131r\u0131r:<\/p>\n\n\n\n<ul class=\"wp-block-list\">\n<li>Mevcut di\u015f yap\u0131n\u0131z\u0131n genel sa\u011fl\u0131\u011f\u0131 (\u00e7\u00fcr\u00fck, dolgu, di\u015f eti durumu)<\/li>\n\n\n\n<li>Bekledi\u011finiz renk tonu ve \u015fekil \u2014 referans foto\u011fraflar fikir verir<\/li>\n\n\n\n<li>B\u00fct\u00e7enizin tedavinin tamam\u0131na yetip yetmedi\u011fi<\/li>\n\n\n\n<li>Tedavi sonras\u0131 kontrollere ne s\u0131kl\u0131kla gelebilece\u011finiz<\/li>\n\n\n\n<li>Ge\u00e7mi\u015fteki di\u015f tedavileri ve varsa hassasiyetler<\/li>\n<\/ul>\n\n\n\n<p>Bu konular ilk muayenede zaten konu\u015fulur. Yine de \u00f6nceden haz\u0131rlan\u0131p gitmek, karar\u0131n\u0131z\u0131 daha sa\u011flam zemine oturtuyor.<\/p>\n\n\n\n<h2 class=\"wp-block-heading\" id=\"lamine-mi-tam-kaplama-m\u0131-karar-nas\u0131l-veriliyor\">Lamine mi, Tam Kaplama m\u0131? Karar Nas\u0131l Veriliyor?<\/h2>\n\n\n\n<p>\u0130kisi ayn\u0131 \u015fey de\u011fil. Lamine veneer, di\u015fin sadece \u00f6n y\u00fczeyine ince bir tabaka olarak yap\u0131\u015ft\u0131r\u0131l\u0131r; di\u015ften al\u0131nan miktar minimumdur. Tam kaplama ise di\u015fin tamam\u0131n\u0131 sarar ve daha fazla yap\u0131sal m\u00fcdahale gerektirir. Hangisinin uygun oldu\u011fu; di\u015fin mevcut durumuna, k\u0131r\u0131k ya da a\u015f\u0131nma seviyesine, kapan\u0131\u015f yap\u0131s\u0131na bak\u0131larak de\u011ferlendirilir. Bazen ayn\u0131 a\u011f\u0131z i\u00e7inde iki y\u00f6ntem birlikte kullan\u0131l\u0131r \u2014 bir kesici di\u015fe lamine, yan di\u015fe tam kaplama olabilir. Burada do\u011fru se\u00e7im, sadece estetik de\u011fil; uzun vadede di\u015fin nas\u0131l davranaca\u011f\u0131yla ilgili.<\/p>\n\n\n\n<h2 class=\"wp-block-heading\" id=\"s\u00fcre\u00e7-pratikte-nas\u0131l-ilerliyor\">S\u00fcre\u00e7 Pratikte Nas\u0131l \u0130lerliyor?<\/h2>\n\n\n\n<p>Be\u015fikta\u015f&#8217;ta Lygos Dental gibi yap\u0131land\u0131r\u0131lm\u0131\u015f kliniklerde s\u00fcre\u00e7 genelde \u015fu s\u0131ray\u0131 izler:<\/p>\n\n\n\n<ol class=\"wp-block-list\">\n<li>Detayl\u0131 muayene ve dijital de\u011ferlendirme<\/li>\n\n\n\n<li>Renk ve \u015fekil planlamas\u0131, dijital g\u00fcl\u00fc\u015f tasar\u0131m\u0131<\/li>\n\n\n\n<li>Di\u015flerin minimal d\u00fczeyde haz\u0131rlanmas\u0131 ve \u00f6l\u00e7\u00fc al\u0131nmas\u0131<\/li>\n\n\n\n<li>Ge\u00e7ici kaplamayla provizyon d\u00f6nemi<\/li>\n\n\n\n<li>Porselenlerin uygulanmas\u0131 ve son r\u00f6tu\u015flar<\/li>\n<\/ol>\n\n\n\n<p>Ne a\u015famada oldu\u011funuzu bilmek, beklemeyi kolayla\u015ft\u0131r\u0131yor. Bu y\u00fczden iyi bir tedavi ak\u0131\u015f\u0131, m\u00fcmk\u00fcn oldu\u011funca \u015feffaf anlat\u0131l\u0131r.<\/p>\n\n\n\n<h2 class=\"wp-block-heading\" id=\"do\u011fal-g\u00f6r\u00fcn\u00fcm\u00fcn-s\u0131rr\u0131-tasar\u0131mda-sakl\u0131\">Do\u011fal G\u00f6r\u00fcn\u00fcm\u00fcn S\u0131rr\u0131 Tasar\u0131mda Sakl\u0131<\/h2>\n\n\n\n<figure class=\"wp-block-image size-large\"><img loading=\"lazy\" decoding=\"async\" width=\"1024\" height=\"569\" src=\"https:\/\/lygosdental.com\/wp-content\/uploads\/2026\/04\/Dogal-Gorunumun-Sirri-Tasarimda-Sakli-1024x569.webp\" alt=\"Do\u011fal G\u00f6r\u00fcn\u00fcm\u00fcn S\u0131rr\u0131 Tasar\u0131mda Sakl\u0131\" class=\"wp-image-54461\" title=\"\" srcset=\"https:\/\/lygosdental.com\/wp-content\/uploads\/2026\/04\/Dogal-Gorunumun-Sirri-Tasarimda-Sakli-1024x569.webp 1024w, https:\/\/lygosdental.com\/wp-content\/uploads\/2026\/04\/Dogal-Gorunumun-Sirri-Tasarimda-Sakli-300x167.webp 300w, https:\/\/lygosdental.com\/wp-content\/uploads\/2026\/04\/Dogal-Gorunumun-Sirri-Tasarimda-Sakli-768x427.webp 768w, https:\/\/lygosdental.com\/wp-content\/uploads\/2026\/04\/Dogal-Gorunumun-Sirri-Tasarimda-Sakli.webp 1080w\" sizes=\"auto, (max-width: 1024px) 100vw, 1024px\" \/><\/figure>\n\n\n\n<p>Renk tek ba\u015f\u0131na yeterli de\u011fil. Di\u015fin uzunlu\u011fu, e\u011fimi, dudakla olan oran\u0131, g\u00fclerken ne kadar g\u00f6r\u00fcnd\u00fc\u011f\u00fc, hatta ya\u015f d\u00f6nemi \u2014 hepsi sonucu etkiler. Ayn\u0131 renk tonu iki farkl\u0131 y\u00fczde tamamen farkl\u0131 durabilir. Bu y\u00fczden iyi bir klinik tasar\u0131m a\u015famas\u0131n\u0131 acele etmez. Provizyon d\u00f6neminde ge\u00e7ici di\u015flerle ya\u015famak, son sonucu g\u00f6rmeden \u00f6nemli bir f\u0131rsat: nas\u0131l konu\u015ftu\u011funuzu, g\u00fcld\u00fc\u011f\u00fcn\u00fcz\u00fc, yedi\u011finizi g\u00f6zlemleyip ufak ayarlar yap\u0131labilir. Baz\u0131 hastalar bu a\u015famada renk tonunu yar\u0131m kademe de\u011fi\u015ftirmek ister, baz\u0131lar\u0131 kesici di\u015f uzunlu\u011funda ince bir d\u00fczenleme talep eder. Bu esneklik tasar\u0131m\u0131 ki\u015fisel k\u0131lan \u015fey.<\/p>\n\n\n\n<h2 class=\"wp-block-heading\" id=\"fiyat\u0131-belirleyen-\u015fey-sadece-di\u015f-say\u0131s\u0131-de\u011fil\">Fiyat\u0131 Belirleyen \u015eey Sadece Di\u015f Say\u0131s\u0131 De\u011fil<\/h2>\n\n\n\n<p>Be\u015fikta\u015f&#8217;ta porselen di\u015f fiyatlar\u0131 i\u00e7in tek bir rakam vermek yan\u0131lt\u0131c\u0131 olur. \u00c7\u00fcnk\u00fc fiyat\u0131 \u015fekillendiren birden \u00e7ok de\u011fi\u015fken var: kullan\u0131lan porselen tipi (E-max, zirkonyum, geleneksel feldspatik), tedavinin kapsam\u0131, ek tedaviler (di\u015f eti d\u00fczenlemesi, dolgu, kanal tedavisi), dijital tasar\u0131m s\u00fcrecinin dahil olup olmamas\u0131. Ayn\u0131 say\u0131daki kaplama, farkl\u0131 planlamalarla farkl\u0131 b\u00fct\u00e7eler ortaya \u00e7\u0131karabiliyor. D\u00fc\u015f\u00fck fiyat \u00e7o\u011fu zaman planlama detaylar\u0131n\u0131n k\u0131s\u0131tland\u0131\u011f\u0131 anlam\u0131na gelir. Mant\u0131kl\u0131 olan, neyin neye dahil oldu\u011funu en ba\u015fta net bi\u00e7imde sormak \u2014 kontrol seanslar\u0131, ge\u00e7ici di\u015f, garanti ko\u015fullar\u0131 gibi kalemler ileride s\u00fcrpriz olmas\u0131n.<\/p>\n\n\n\n<h2 class=\"wp-block-heading\" id=\"tedaviden-sonra-hayat-nas\u0131l\">Tedaviden Sonra Hayat Nas\u0131l?<\/h2>\n\n\n\n<p>Porselen kaplamalar bak\u0131m\u0131 zor de\u011fil \u2014 ama g\u00f6rmezden gelinemez. D\u00fczenli f\u0131r\u00e7alama, di\u015f ipi ve klinik kontrolleri uzun \u00f6m\u00fcrl\u00fc bir sonu\u00e7 i\u00e7in yeterli. Sert cisimleri \u0131s\u0131rmamak, gece di\u015f g\u0131c\u0131rdatma al\u0131\u015fkanl\u0131\u011f\u0131 varsa gece pla\u011f\u0131 kullanmak s\u00fcreci destekler. Di\u015f eti sa\u011fl\u0131\u011f\u0131 kaplaman\u0131n g\u00f6r\u00fcn\u00fcm\u00fcn\u00fc de do\u011frudan etkiledi\u011fi i\u00e7in di\u015f eti \u00e7ekilmesi gibi durumlar erken fark edilince \u00e7ok daha kolay y\u00f6netiliyor. Lygos Dental&#8217;in takip yakla\u015f\u0131m\u0131, tedavi sonras\u0131 kontrolleri s\u00fcrecin bir par\u00e7as\u0131 gibi konumland\u0131r\u0131yor; bu da k\u00fc\u00e7\u00fck m\u00fcdahalelerin b\u00fcy\u00fcmeden \u00e7\u00f6z\u00fclmesini kolayla\u015ft\u0131r\u0131yor.<\/p>\n\n\n\n<h2 class=\"wp-block-heading\" id=\"son-de\u011ferlendirme\">Son De\u011ferlendirme<\/h2>\n\n\n\n<p>Porselen di\u015f, do\u011fru planland\u0131\u011f\u0131nda y\u0131llar boyu fark edilmeyecek bir do\u011fall\u0131k sunabiliyor. Ama bu sonu\u00e7 tek ba\u015f\u0131na materyalden gelmiyor; muayeneden tasar\u0131ma, ge\u00e7ici d\u00f6nemden son r\u00f6tu\u015fa kadar her a\u015faman\u0131n titizlikle y\u00f6netilmesi gerekiyor. Be\u015fikta\u015f&#8217;ta tedavi d\u00fc\u015f\u00fcn\u00fcyorsan\u0131z, ula\u015f\u0131m kolayl\u0131\u011f\u0131 kadar klinikle kurabilece\u011finiz ileti\u015fim ve s\u00fcrecin ne kadar a\u00e7\u0131k anlat\u0131ld\u0131\u011f\u0131 da belirleyici. Lygos Dental&#8217;in tedaviyi par\u00e7al\u0131 ama b\u00fct\u00fcnl\u00fckl\u00fc bir ak\u0131\u015f olarak ele almas\u0131, karar\u0131 netle\u015ftirmek isteyen hastalar i\u00e7in pratik bir referans noktas\u0131 sunuyor.<\/p>\n\n\n\n<h2 class=\"wp-block-heading\" id=\"s\u0131k\u00e7a-sorulan-sorular\">S\u0131k\u00e7a Sorulan Sorular<\/h2>\n\n\n<div id=\"rank-math-faq\" class=\"rank-math-block\">\n<div class=\"rank-math-list \">\n<div id=\"faq-567863a0\" class=\"rank-math-list-item\">\n<h3 class=\"rank-math-question \">Be\u015fikta\u015f&#8217;ta porselen di\u015f tedavisi ka\u00e7 seansta tamamlan\u0131r?<\/h3>\n<div class=\"rank-math-answer \">\n\n<p>\u00c7o\u011fu vaka iki ila \u00fc\u00e7 seansta tamamlan\u0131r: ilk seansta muayene ve \u00f6l\u00e7\u00fc, ikinci seansta provizyon, son seansta porselenlerin uygulanmas\u0131. Ek tedavi gerekiyorsa s\u00fcre uzayabilir.<\/p>\n\n<\/div>\n<\/div>\n<div id=\"faq-67041fd6\" class=\"rank-math-list-item\">\n<h3 class=\"rank-math-question \">Porselen kaplama m\u0131, zirkonyum kron mu daha uygun?<\/h3>\n<div class=\"rank-math-answer \">\n\n<p>Karar di\u015fin durumuna g\u00f6re de\u011fi\u015fir. Estetik \u00f6ncelikliyse ve di\u015f yap\u0131s\u0131 sa\u011flamsa lamine veya E-max porselen tercih edilir. Daha fazla yap\u0131sal destek gerekiyorsa zirkonyum altyap\u0131l\u0131 kron daha mant\u0131kl\u0131 olabilir.<\/p>\n\n<\/div>\n<\/div>\n<div id=\"faq-577bf839\" class=\"rank-math-list-item\">\n<h3 class=\"rank-math-question \">Be\u015fikta\u015f&#8217;ta porselen di\u015f fiyatlar\u0131 neye g\u00f6re de\u011fi\u015fir?<\/h3>\n<div class=\"rank-math-answer \">\n\n<p>Porselen tipi, di\u015f say\u0131s\u0131, dijital tasar\u0131m kullan\u0131l\u0131p kullan\u0131lmamas\u0131 ve ek tedaviler fiyat\u0131 do\u011frudan etkiler. Tek seferde ka\u00e7 di\u015fin planland\u0131\u011f\u0131 ve garanti ko\u015fullar\u0131 da toplam \u00fccreti \u015fekillendirir.<\/p>\n\n<\/div>\n<\/div>\n<div id=\"faq-5db08fcb\" class=\"rank-math-list-item\">\n<h3 class=\"rank-math-question \">Porselen di\u015fler ka\u00e7 y\u0131l dayan\u0131r?<\/h3>\n<div class=\"rank-math-answer \">\n\n<p>D\u00fczenli bak\u0131m ve kontrol ile \u00e7o\u011fu zaman 10-15 y\u0131l aras\u0131 rahatl\u0131kla kullan\u0131labilir. Di\u015f g\u0131c\u0131rdatma al\u0131\u015fkanl\u0131\u011f\u0131 yoksa ve di\u015f eti sa\u011fl\u0131\u011f\u0131 korunursa bu s\u00fcre daha da uzayabilir.<\/p>\n\n<\/div>\n<\/div>\n<div id=\"faq-6cbb9797\" class=\"rank-math-list-item\">\n<h3 class=\"rank-math-question \">Tedavi sonras\u0131nda a\u011fr\u0131 veya hassasiyet olur mu?<\/h3>\n<div class=\"rank-math-answer \">\n\n<p>\u0130lk birka\u00e7 g\u00fcn hafif s\u0131cak-so\u011fuk hassasiyeti olabilir; bu genellikle k\u0131sa s\u00fcrede ge\u00e7er. \u015eiddetli ya da uzayan a\u011fr\u0131 beklenen bir durum de\u011fildir; b\u00f6yle bir durumda hemen klini\u011fe ba\u015fvurmak gerekir.<\/p>\n\n<\/div>\n<\/div>\n<\/div>\n<\/div>","protected":false},"excerpt":{"rendered":"<p>Aynaya bak\u0131p \u00f6n di\u015flerin rengi ya da \u015fekliyle ilgili bir his tutturmak \u2014 \u00e7o\u011fu hasta bu noktadan ba\u015fl\u0131yor. Porselen di\u015f, [&hellip;]<\/p>\n","protected":false},"author":7,"featured_media":54459,"comment_status":"closed","ping_status":"closed","sticky":false,"template":"","format":"standard","meta":{"_acf_changed":false,"footnotes":""},"categories":[288,382],"tags":[],"class_list":["post-54456","post","type-post","status-publish","format-standard","has-post-thumbnail","hentry","category-blog","category-estetik-dis-hekimligi"],"acf":[],"_links":{"self":[{"href":"https:\/\/lygosdental.com\/tr\/wp-json\/wp\/v2\/posts\/54456","targetHints":{"allow":["GET"]}}],"collection":[{"href":"https:\/\/lygosdental.com\/tr\/wp-json\/wp\/v2\/posts"}],"about":[{"href":"https:\/\/lygosdental.com\/tr\/wp-json\/wp\/v2\/types\/post"}],"author":[{"embeddable":true,"href":"https:\/\/lygosdental.com\/tr\/wp-json\/wp\/v2\/users\/7"}],"replies":[{"embeddable":true,"href":"https:\/\/lygosdental.com\/tr\/wp-json\/wp\/v2\/comments?post=54456"}],"version-history":[{"count":3,"href":"https:\/\/lygosdental.com\/tr\/wp-json\/wp\/v2\/posts\/54456\/revisions"}],"predecessor-version":[{"id":54463,"href":"https:\/\/lygosdental.com\/tr\/wp-json\/wp\/v2\/posts\/54456\/revisions\/54463"}],"wp:featuredmedia":[{"embeddable":true,"href":"https:\/\/lygosdental.com\/tr\/wp-json\/wp\/v2\/media\/54459"}],"wp:attachment":[{"href":"https:\/\/lygosdental.com\/tr\/wp-json\/wp\/v2\/media?parent=54456"}],"wp:term":[{"taxonomy":"category","embeddable":true,"href":"https:\/\/lygosdental.com\/tr\/wp-json\/wp\/v2\/categories?post=54456"},{"taxonomy":"post_tag","embeddable":true,"href":"https:\/\/lygosdental.com\/tr\/wp-json\/wp\/v2\/tags?post=54456"}],"curies":[{"name":"wp","href":"https:\/\/api.w.org\/{rel}","templated":true}]}}