{"id":3261,"date":"2025-02-19T11:47:05","date_gmt":"2025-02-19T11:47:05","guid":{"rendered":"https:\/\/lygosdental.com\/meghan-markle-dis-estetigi-lygos-dental\/"},"modified":"2026-03-16T07:11:40","modified_gmt":"2026-03-16T07:11:40","slug":"meghan-markle-dis-estetigi-lygos-dental","status":"publish","type":"post","link":"https:\/\/lygosdental.com\/tr\/meghan-markle-dis-estetigi-lygos-dental\/","title":{"rendered":"Meghan Markle Di\u015f Esteti\u011fi | LYGOS DENTAL"},"content":{"rendered":"\n<h2 class=\"wp-block-heading\" id=\"meghan-marklein-dis-estetigi-gulumsemesinin-ardinda-ne-olabilir\"><b>Meghan Markle\u2019\u0131n Di\u015f Esteti\u011fi: G\u00fcl\u00fcmsemesinin Ard\u0131nda Ne Olabilir?<\/b><\/h2>\n\n\n\n<p><span style=\"font-weight: 400;\">Meghan Markle hi\u00e7bir kozmetik di\u015f i\u015flemini do\u011frulamam\u0131\u015ft\u0131r, ancak parlak ve d\u00fczg\u00fcn g\u00fcl\u00fcmsemesi, genellikle <a href=\"https:\/\/lygosdental.com\/tr\/jordyn-woods-dis-estetigi\/\">profesyonel beyazlatma<\/a>, fark edilmeyen ortodontik tedavi ve\u2014bazen\u2014minimal <a href=\"https:\/\/lygosdental.com\/tr\/dis-kronu-dustu-mu\/\">kaplama<\/a> veya bonding ile elde edilen bir g\u00f6r\u00fcn\u00fcme sahiptir. Ayr\u0131nt\u0131lar\u0131 yaln\u0131zca di\u015f hekimi bilir. Bu rehber, en olas\u0131 tedavileri ve benzer bir sonu\u00e7 elde etmenin daha g\u00fcvenli yollar\u0131n\u0131 a\u00e7\u0131klar.<\/span><\/p>\n\n\n\n<h2 class=\"wp-block-heading\" id=\"meghan-markle-kimdir\"><b>Meghan Markle Kimdir?<\/b><\/h2>\n\n\n\n<figure class=\"wp-block-image\"><img decoding=\"async\" src=\"https:\/\/lygosdental.com\/\/wp-content\/uploads\/2025\/02\/meghan-markle-dental-aesthetics1.webp\" alt=\"\" title=\"\"><\/figure>\n\n\n\n<div class=\"wp-block-rank-math-toc-block\" id=\"rank-math-toc\"><h2>\u0130\u00e7indekiler<\/h2><nav><ul><li class=\"\"><a href=\"#meghan-marklein-dis-estetigi-gulumsemesinin-ardinda-ne-olabilir\">Meghan Markle\u2019\u0131n Di\u015f Esteti\u011fi: G\u00fcl\u00fcmsemesinin Ard\u0131nda Ne Olabilir?<\/a><\/li><li class=\"\"><a href=\"#meghan-markle-kimdir\">Meghan Markle Kimdir?<\/a><\/li><li class=\"\"><a href=\"#gulumsemesi-neden-dikkat-cekiyor\">G\u00fcl\u00fcmsemesi Neden Dikkat \u00c7ekiyor?<\/a><\/li><li class=\"\"><a href=\"#meghan-markle-estetik-dis-tedavisi-yaptirdi-mi\">Meghan Markle Estetik Di\u015f Tedavisi Yapt\u0131rd\u0131 m\u0131?<\/a><\/li><li class=\"\"><a href=\"#benzer-bir-gorunum-saglayan-tedaviler\">Benzer Bir G\u00f6r\u00fcn\u00fcm Sa\u011flayan Tedaviler<\/a><ul><li class=\"\"><a href=\"#profesyonel-dis-beyazlatma\">Profesyonel Di\u015f Beyazlatma<\/a><\/li><li class=\"\"><a href=\"#ortodonti-dis-teli-veya-seffaf-plaklar\">Ortodonti (Di\u015f Teli veya \u015eeffaf Plaklar)<\/a><\/li><li class=\"\"><a href=\"#kompozit-bonding-ve-dis-sekillendirme\">Kompozit Bonding ve Di\u015f \u015eekillendirme<\/a><\/li><li class=\"\"><a href=\"#porselen-kaplamalar-e-max-dahil\">Porselen Kaplamalar (E.max Dahil)<\/a><\/li><li class=\"\"><a href=\"#kaplama-mi-kuron-mu-hizli-bir-aciklama\">Kaplama m\u0131, Kuron mu? H\u0131zl\u0131 Bir A\u00e7\u0131klama<\/a><\/li><\/ul><\/li><li class=\"\"><a href=\"#estetik-dis-hekimliginde-kullanilan-malzemeler\">Estetik Di\u015f Hekimli\u011finde Kullan\u0131lan Malzemeler<\/a><\/li><li class=\"\"><a href=\"#turkiyede-dis-kaplamasi-fiyatlari\">T\u00fcrkiye&#8217;de Di\u015f Kaplamas\u0131 Fiyatlar\u0131<\/a><\/li><li class=\"\"><a href=\"#guvenli-bir-klinik-nasil-secilir\">G\u00fcvenli Bir Klinik Nas\u0131l Se\u00e7ilir?<\/a><\/li><li class=\"\"><a href=\"#sik-sorulan-sorular\">S\u0131k Sorulan Sorular<\/a><ul><li class=\"\"><a href=\"#faq-question-1772006943682\">Meghan Markle di\u015flerine ne yapt\u0131rd\u0131?<\/a><\/li><li class=\"\"><a href=\"#faq-question-1772006969438\">Meghan Markle di\u015flerini nas\u0131l bu kadar beyaz tutuyor?<\/a><\/li><li class=\"\"><a href=\"#faq-question-1772006974083\">Meghan Markle&#8217;\u0131n di\u015flerine ne oldu?<\/a><\/li><li class=\"\"><a href=\"#faq-question-1772006978393\">Meghan Markle&#8217;\u0131n veneer&#8217;i var m\u0131?<\/a><\/li><li class=\"\"><a href=\"#faq-question-1772006983516\">Meghan Markle&#8217;\u0131n tav\u015fan di\u015fleri var m\u0131?<\/a><\/li><\/ul><\/li><\/ul><\/nav><\/div>\n\n\n\n<p><span style=\"font-weight: 400;\">Meghan Markle, 2018 y\u0131l\u0131nda Prens Harry ile evlendikten sonra Sussex D\u00fc\u015fesi unvan\u0131n\u0131 alan Amerikal\u0131 bir aktris ve kamuoyunda tan\u0131nan bir isimdir. Medya ve yard\u0131m \u00e7al\u0131\u015fmalar\u0131yla birlikte, genellikle yak\u0131ndan foto\u011frafland\u0131\u011f\u0131 i\u00e7in ten, sa\u00e7 ve g\u00fcl\u00fcmseme gibi detaylar do\u011fal olarak dikkat \u00e7eker.<\/span><\/p>\n\n\n\n<h2 class=\"wp-block-heading\" id=\"gulumsemesi-neden-dikkat-cekiyor\"><b>G\u00fcl\u00fcmsemesi Neden Dikkat \u00c7ekiyor?<\/b><\/h2>\n\n\n\n<p><span style=\"font-weight: 400;\">G\u00fcl\u00fcmsemesi kamerada parlak ve dengeli g\u00f6r\u00fcn\u00fcr. Bu genellikle \u00fc\u00e7 \u015feye ba\u011fl\u0131d\u0131r: di\u015f rengi, di\u015f \u015fekli ve hizalama. Bu fakt\u00f6rlerin herhangi birinde yap\u0131lan k\u00fc\u00e7\u00fck de\u011fi\u015fiklikler, st\u00fcdyo \u0131\u015f\u0131klar\u0131nda veya y\u00fcksek \u00e7\u00f6z\u00fcn\u00fcrl\u00fckl\u00fc foto\u011fraflarda olduk\u00e7a \u00e7arp\u0131c\u0131 g\u00f6r\u00fcnebilir.<\/span><\/p>\n\n\n\n<h2 class=\"wp-block-heading\" id=\"meghan-markle-estetik-dis-tedavisi-yaptirdi-mi\"><b>Meghan Markle Estetik Di\u015f Tedavisi Yapt\u0131rd\u0131 m\u0131?<\/b><\/h2>\n\n\n\n<figure class=\"wp-block-image\"><img decoding=\"async\" src=\"https:\/\/lygosdental.com\/\/wp-content\/uploads\/2025\/02\/meghan-markle-dental-aesthetics2-768x634.webp\" alt=\"\" title=\"\"><\/figure>\n\n\n\n<p><\/p>\n\n\n\n<p><span style=\"font-weight: 400;\">Meghan\u2019\u0131n <a href=\"https:\/\/lygosdental.com\/tr\/john-legend-dis-kaplamalari\/\">estetik di\u015f tedavisi<\/a> g\u00f6rd\u00fc\u011f\u00fcne dair herhangi bir kamuoyu a\u00e7\u0131klamas\u0131 yoktur. Ancak bir\u00e7ok ki\u015fi eski ve yeni foto\u011fraflar\u0131 kar\u015f\u0131la\u015ft\u0131rarak, beyazlatma veya hafif hizalama gibi rutin i\u015flemler yapt\u0131rm\u0131\u015f olabilece\u011fini d\u00fc\u015f\u00fcn\u00fcyor. G\u00fcl\u00fcmsemesi ayn\u0131 zamanda yaln\u0131zca m\u00fckemmel a\u011f\u0131z hijyenini, d\u00fczenli temizlikleri ve dikkatli bak\u0131m al\u0131\u015fkanl\u0131klar\u0131n\u0131 da yans\u0131t\u0131yor olabilir.<\/span><\/p>\n\n\n\n<h2 class=\"wp-block-heading\" id=\"benzer-bir-gorunum-saglayan-tedaviler\"><b>Benzer Bir G\u00f6r\u00fcn\u00fcm Sa\u011flayan Tedaviler<\/b><\/h2>\n\n\n\n<h3 class=\"wp-block-heading\" id=\"profesyonel-dis-beyazlatma\"><b>Profesyonel Di\u015f Beyazlatma<\/b><\/h3>\n\n\n\n<p><span style=\"font-weight: 400;\">Beyazlatma, g\u00fcl\u00fcmsemeyi yenilemenin en basit yollar\u0131ndan biridir. Klinik ortamda yap\u0131lan beyazlatmalar h\u0131zl\u0131 sonu\u00e7 verirken, ev tipi plaklar daha kademeli bir beyazl\u0131k sa\u011flar. Sonu\u00e7lar; ba\u015flang\u0131\u00e7 rengine, lekelenmenin nedenine ve koruma s\u0131kl\u0131\u011f\u0131na ba\u011fl\u0131d\u0131r.<\/span><\/p>\n\n\n\n<h3 class=\"wp-block-heading\" id=\"ortodonti-dis-teli-veya-seffaf-plaklar\"><b>Ortodonti (Di\u015f Teli veya \u015eeffaf Plaklar)<\/b><\/h3>\n\n\n\n<p><span style=\"font-weight: 400;\">D\u00fczg\u00fcn hizalanm\u0131\u015f di\u015fler genellikle daha temiz ve parlak g\u00f6r\u00fcn\u00fcr, \u00e7\u00fcnk\u00fc \u0131\u015f\u0131k daha e\u015fit yans\u0131r. Bir\u00e7ok yeti\u015fkin, di\u015f s\u0131k\u0131\u015f\u0131kl\u0131\u011f\u0131, hafif rotasyonlar veya k\u00fc\u00e7\u00fck bo\u015fluklar\u0131n fark edilmeden d\u00fczeltilmesi i\u00e7in \u015feffaf plaklar\u0131 tercih eder. Baz\u0131 durumlarda ortodontik tedavi, daha invaziv estetik m\u00fcdahalelere olan ihtiyac\u0131 azaltabilir.<\/span><\/p>\n\n\n\n<h3 class=\"wp-block-heading\" id=\"kompozit-bonding-ve-dis-sekillendirme\"><b>Kompozit Bonding ve Di\u015f \u015eekillendirme<\/b><\/h3>\n\n\n\n<p><span style=\"font-weight: 400;\">Bonding i\u015flemi, kenarlar\u0131 d\u00fczeltmek, k\u00fc\u00e7\u00fck bo\u015fluklar\u0131 kapatmak veya simetriyi geli\u015ftirmek i\u00e7in di\u015f renginde bir re\u00e7ine kullan\u0131r. Genellikle porselen kaplamalara g\u00f6re daha az invazivdir \u00e7\u00fcnk\u00fc \u00e7o\u011funlukla mine dokusunun hi\u00e7 ya da \u00e7ok az al\u0131nmas\u0131yla yap\u0131labilir. Uygun durumlarda, bonding olduk\u00e7a do\u011fal ve \u201ckamera \u00f6n\u00fcne haz\u0131r\u201d bir g\u00f6r\u00fcn\u00fcm sa\u011flar.<\/span><\/p>\n\n\n\n<h3 class=\"wp-block-heading\" id=\"porselen-kaplamalar-e-max-dahil\"><b>Porselen Kaplamalar (E.max Dahil)<\/b><\/h3>\n\n\n\n<p><span style=\"font-weight: 400;\"><a href=\"https:\/\/lygosdental.com\/tr\/connor-mcgregor-dis-kaplamalari-lygos-dental\/\">Kaplamalar<\/a>, di\u015flerin \u00f6n y\u00fczeyine yerle\u015ftirilen ince porselen kabuklard\u0131r; renk, \u015fekil ve k\u00fc\u00e7\u00fck hizalama sorunlar\u0131n\u0131 d\u00fczeltmek i\u00e7in kullan\u0131l\u0131r. Koruyucu \u015fekilde tasarland\u0131\u011f\u0131nda son derece do\u011fal g\u00f6r\u00fcnebilirler; ancak bu tek seferlik bir \u201cyap ve unut\u201d \u00e7\u00f6z\u00fcm de\u011fildir. Titiz bir planlama, do\u011fru \u0131s\u0131r\u0131k analizi ve uzun vadeli bak\u0131m gerektirir.<\/span><\/p>\n\n\n\n<h3 class=\"wp-block-heading\" id=\"kaplama-mi-kuron-mu-hizli-bir-aciklama\"><b>Kaplama m\u0131, Kuron mu? H\u0131zl\u0131 Bir A\u00e7\u0131klama<\/b><\/h3>\n\n\n\n<p><span style=\"font-weight: 400;\">Kaplamalar sadece di\u015fin \u00f6n y\u00fczeyini kaplarken, kuronlar di\u015fin tamam\u0131n\u0131 sarar. Kuronlar a\u011f\u0131r hasarl\u0131 di\u015flerde gerekli olabilir ancak genellikle daha fazla di\u015f dokusu t\u00f6rp\u00fcs\u00fc gerektirir. Yaln\u0131zca estetik ama\u00e7larla yap\u0131lacak i\u015flemlerde, di\u015f hekiminiz kuron \u00f6ncesinde neden daha koruyucu bir se\u00e7ene\u011fin uygun olmad\u0131\u011f\u0131n\u0131 a\u00e7\u0131klamal\u0131d\u0131r.<\/span><\/p>\n\n\n\n<h2 class=\"wp-block-heading\" id=\"estetik-dis-hekimliginde-kullanilan-malzemeler\"><b>Estetik Di\u015f Hekimli\u011finde Kullan\u0131lan Malzemeler<\/b><\/h2>\n\n\n\n<figure class=\"wp-block-image\"><img decoding=\"async\" src=\"https:\/\/lygosdental.com\/\/wp-content\/uploads\/2025\/02\/meghan-markle-dental-aesthetics3-768x634.webp\" alt=\"\" title=\"\"><\/figure>\n\n\n\n<p><\/p>\n\n\n\n<p><span style=\"font-weight: 400;\">Eski halka a\u00e7\u0131k foto\u011fraflar\u0131nda, g\u00fcl\u00fcmsemesi ton olarak biraz daha s\u0131cak ve kenarlarda hafif\u00e7e d\u00fczensiz g\u00f6r\u00fcn\u00fcyordu\u2014bunlar\u0131n ikisi de tamamen normaldir. Daha yeni g\u00f6r\u00fcn\u00fcmlerinde, di\u015fleri genellikle daha parlak ve simetrik g\u00f6r\u00fcn\u00fcyor; bu da profesyonel beyazlatmay\u0131, bonding gibi k\u00fc\u00e7\u00fck d\u00fczeltmeleri veya dikkatli yap\u0131lan estetik di\u015f tedavilerini yans\u0131t\u0131yor olabilir. I\u015f\u0131k, makyaj ve foto\u011fraf d\u00fczenlemeleri de g\u00fcl\u00fcmsemenin g\u00f6r\u00fcn\u00fcm\u00fcn\u00fc etkileyebilir.<\/span><\/p>\n\n\n\n<h2 class=\"wp-block-heading\" id=\"turkiyede-dis-kaplamasi-fiyatlari\"><b>T\u00fcrkiye&#8217;de Di\u015f Kaplamas\u0131 Fiyatlar\u0131<\/b><\/h2>\n\n\n\n<p><span style=\"font-weight: 400;\">T\u00fcrkiye, estetik di\u015f hekimli\u011fi i\u00e7in pop\u00fcler bir destinasyondur; bunun sebeplerinden biri de kliniklerin ABD veya \u0130ngiltere&#8217;ye k\u0131yasla daha d\u00fc\u015f\u00fck fiyatlar sunmas\u0131d\u0131r. Bir\u00e7ok klinik, <a href=\"https:\/\/lygosdental.com\/tr\/victoria-beckham-dis-estetigi\/\">porselen kaplamalar<\/a> i\u00e7in di\u015f ba\u015f\u0131na yakla\u015f\u0131k 200\u2013500 $ aras\u0131nda fiyatlar sunar; bu fiyat malzemeye, klini\u011fin konumuna ve vakadaki zorluk derecesine g\u00f6re de\u011fi\u015febilir. Paketler; muayene, tarama, ge\u00e7ici kaplamalar ve takip ziyaretlerini i\u00e7erebilir. Bu nedenle her zaman kalem kalem fiyat plan\u0131 talep edin.<\/span><\/p>\n\n\n\n<h2 class=\"wp-block-heading\" id=\"guvenli-bir-klinik-nasil-secilir\"><b>G\u00fcvenli Bir Klinik Nas\u0131l Se\u00e7ilir?<\/b><\/h2>\n\n\n\n<p><span style=\"font-weight: 400;\">Estetik di\u015f hekimli\u011fini\u2014\u00f6zellikle yurt d\u0131\u015f\u0131nda\u2014d\u00fc\u015f\u00fcn\u00fcyorsan\u0131z, h\u0131zdan ziyade g\u00fcvenlik ve uzun vadeli \u00f6ng\u00f6r\u00fclebilirli\u011fe \u00f6ncelik verin. A\u015fa\u011f\u0131daki sorular, klinikleri daha ger\u00e7ek\u00e7i \u015fekilde kar\u015f\u0131la\u015ft\u0131rman\u0131za yard\u0131mc\u0131 olur:<\/span><\/p>\n\n\n\n<ul class=\"wp-block-list\">\n<li><span style=\"font-weight: 400;\">Kaplama veya kuron \u00f6ncesi koruyucu se\u00e7enek nedir (beyazlatma, plak, bonding)?<\/span><\/li>\n\n\n\n<li><span style=\"font-weight: 400;\">Ne kadar mine al\u0131nacak ve \u00f6nce bir prova g\u00fcl\u00fc\u015f veya modelleme g\u00f6sterilebilir mi?<\/span><\/li>\n\n\n\n<li><span style=\"font-weight: 400;\">Hangi marka ve laboratuvar s\u00fcreci kullan\u0131lacak (malzemeler, garantiler, belgeler)?<\/span><\/li>\n\n\n\n<li><span style=\"font-weight: 400;\">Son yap\u0131\u015ft\u0131rmadan \u00f6nce \u0131s\u0131r\u0131k ve \u00e7ene fonksiyonu nas\u0131l de\u011ferlendirilecek?<\/span><\/li>\n\n\n\n<li><span style=\"font-weight: 400;\">Bak\u0131m hizmeti neleri kaps\u0131yor ve eve d\u00f6nd\u00fckten sonra ayarlamalar\u0131 kim yapacak?<\/span><\/li>\n\n\n\n<li><span style=\"font-weight: 400;\">Benzer di\u015f yap\u0131s\u0131na sahip hastalar\u0131n ger\u00e7ek \u00f6ncesi\/sonras\u0131 sonu\u00e7lar\u0131n\u0131 ve uzun vadeli takibini payla\u015fabilir misiniz?<\/span><\/li>\n<\/ul>\n\n\n\n<h2 class=\"wp-block-heading\" id=\"sik-sorulan-sorular\"><b>S\u0131k Sorulan Sorular<\/b><\/h2>\n\n\n<div id=\"rank-math-faq\" class=\"rank-math-block\">\n<div class=\"rank-math-list \">\n<div id=\"faq-question-1772006943682\" class=\"rank-math-list-item\">\n<h3 class=\"rank-math-question \">Meghan Markle di\u015flerine ne yapt\u0131rd\u0131?<\/h3>\n<div class=\"rank-math-answer \">\n\n<p>Kamuya a\u00e7\u0131k do\u011frulanm\u0131\u015f bir di\u015f i\u015flemi yok; olas\u0131 estetik i\u015flemler do\u011frulanmad\u0131.<\/p>\n\n<\/div>\n<\/div>\n<div id=\"faq-question-1772006969438\" class=\"rank-math-list-item\">\n<h3 class=\"rank-math-question \">Meghan Markle di\u015flerini nas\u0131l bu kadar beyaz tutuyor?<\/h3>\n<div class=\"rank-math-answer \">\n\n<p>Rutini kamuya a\u00e7\u0131k de\u011fil; beyazlatma, profesyonel temizlik ve d\u00fczenli bak\u0131m bu beyazl\u0131\u011f\u0131 sa\u011flar.<\/p>\n\n<\/div>\n<\/div>\n<div id=\"faq-question-1772006974083\" class=\"rank-math-list-item\">\n<h3 class=\"rank-math-question \">Meghan Markle&#8217;\u0131n di\u015flerine ne oldu?<\/h3>\n<div class=\"rank-math-answer \">\n\n<p>Zamanla daha estetik g\u00f6r\u00fcn\u00fcyor; belirli de\u011fi\u015fiklikleri kendisi do\u011frulamad\u0131.<\/p>\n\n<\/div>\n<\/div>\n<div id=\"faq-question-1772006978393\" class=\"rank-math-list-item\">\n<h3 class=\"rank-math-question \">Meghan Markle&#8217;\u0131n veneer&#8217;i var m\u0131?<\/h3>\n<div class=\"rank-math-answer \">\n\n<p>Veneer kullan\u0131m\u0131 do\u011frulanmad\u0131; yaln\u0131z foto\u011fraflarla di\u015f tedavisi g\u00fcvenilir bi\u00e7imde anla\u015f\u0131lmaz.<\/p>\n\n<\/div>\n<\/div>\n<div id=\"faq-question-1772006983516\" class=\"rank-math-list-item\">\n<h3 class=\"rank-math-question \">Meghan Markle&#8217;\u0131n tav\u015fan di\u015fleri var m\u0131?<\/h3>\n<div class=\"rank-math-answer \">\n\n<p>Hay\u0131r; g\u00fcncel foto\u011fraflar belirgin, tav\u015fan di\u015fine uygun bir protr\u00fczyon g\u00f6stermiyor.<\/p>\n\n<\/div>\n<\/div>\n<\/div>\n<\/div>","protected":false},"excerpt":{"rendered":"<p>Sussex D\u00fc\u015fesi Meghan Markle, d\u00fcnya \u00e7ap\u0131nda tan\u0131nan bir isimdir. Aktris, hay\u0131rsever ve aktivist olarak tan\u0131nan Markle, d\u00fcnya \u00e7ap\u0131nda ilgi g\u00f6rd\u00fc.<\/p>\n","protected":false},"author":7,"featured_media":51019,"comment_status":"open","ping_status":"open","sticky":false,"template":"","format":"standard","meta":{"_acf_changed":false,"footnotes":""},"categories":[288,287],"tags":[1682],"class_list":["post-3261","post","type-post","status-publish","format-standard","has-post-thumbnail","hentry","category-blog","category-genel-dis-hekimligi","tag-meghan-markle-dis-estetigi"],"acf":[],"_links":{"self":[{"href":"https:\/\/lygosdental.com\/tr\/wp-json\/wp\/v2\/posts\/3261","targetHints":{"allow":["GET"]}}],"collection":[{"href":"https:\/\/lygosdental.com\/tr\/wp-json\/wp\/v2\/posts"}],"about":[{"href":"https:\/\/lygosdental.com\/tr\/wp-json\/wp\/v2\/types\/post"}],"author":[{"embeddable":true,"href":"https:\/\/lygosdental.com\/tr\/wp-json\/wp\/v2\/users\/7"}],"replies":[{"embeddable":true,"href":"https:\/\/lygosdental.com\/tr\/wp-json\/wp\/v2\/comments?post=3261"}],"version-history":[{"count":1,"href":"https:\/\/lygosdental.com\/tr\/wp-json\/wp\/v2\/posts\/3261\/revisions"}],"predecessor-version":[{"id":4748,"href":"https:\/\/lygosdental.com\/tr\/wp-json\/wp\/v2\/posts\/3261\/revisions\/4748"}],"wp:featuredmedia":[{"embeddable":true,"href":"https:\/\/lygosdental.com\/tr\/wp-json\/wp\/v2\/media\/51019"}],"wp:attachment":[{"href":"https:\/\/lygosdental.com\/tr\/wp-json\/wp\/v2\/media?parent=3261"}],"wp:term":[{"taxonomy":"category","embeddable":true,"href":"https:\/\/lygosdental.com\/tr\/wp-json\/wp\/v2\/categories?post=3261"},{"taxonomy":"post_tag","embeddable":true,"href":"https:\/\/lygosdental.com\/tr\/wp-json\/wp\/v2\/tags?post=3261"}],"curies":[{"name":"wp","href":"https:\/\/api.w.org\/{rel}","templated":true}]}}