{"id":3237,"date":"2025-05-03T14:27:34","date_gmt":"2025-05-03T14:27:34","guid":{"rendered":"https:\/\/lygosdental.com\/dis-teli-takmak-sosyal-hayati-nasil-etkiler\/"},"modified":"2026-04-27T13:47:23","modified_gmt":"2026-04-27T13:47:23","slug":"dis-teli-takmak-sosyal-hayati-nasil-etkiler","status":"publish","type":"post","link":"https:\/\/lygosdental.com\/tr\/dis-teli-takmak-sosyal-hayati-nasil-etkiler\/","title":{"rendered":"Di\u015f teli takmak sosyal hayat\u0131 nas\u0131l etkiler?"},"content":{"rendered":"\n<h2 class=\"wp-block-heading\" id=\"dis-teli-takmak-sosyal-hayati-nasil-etkiler\">Di\u015f Teli Takmak Sosyal Hayat\u0131 Nas\u0131l Etkiler?<\/h2>\n\n\n\n<p><span style=\"font-weight: 400;\"><a href=\"https:\/\/lygosdental.com\/tr\/emma-roberts-dis-estetigi\/\">Di\u015f telleri<\/a> ilk ba\u015fta sosyal a\u00e7\u0131dan garip hissettirebilir \u00e7\u00fcnk\u00fc g\u00fcl\u00fc\u015f\u00fcn\u00fcz\u00fc de\u011fi\u015ftirir, konu\u015fmay\u0131 biraz etkileyebilir ve d\u0131\u015farda yemek yerken ekstra \u00f6zen gerektirir. \u00c7o\u011fu ki\u015fi birka\u00e7 g\u00fcn ila birka\u00e7 hafta i\u00e7inde uyum sa\u011flar. Zamanla, daha d\u00fczg\u00fcn di\u015fler genellikle \u00f6zg\u00fcveni art\u0131r\u0131r ve g\u00fcl\u00fcmsemeyi kolayla\u015ft\u0131r\u0131r, bu da sosyal rahatl\u0131\u011f\u0131 geli\u015ftirebilir.<\/span><\/p>\n\n\n\n<p><span style=\"font-weight: 400;\">Ortodontik tedavi, \u0131s\u0131rma fonksiyonunu, a\u011f\u0131z sa\u011fl\u0131\u011f\u0131n\u0131 ve g\u00fcl\u00fcmsemenin g\u00f6r\u00fcn\u00fcm\u00fcn\u00fc iyile\u015ftirebilir. Ayn\u0131 zamanda, \u00f6zellikle a\u011f\u0131z hen\u00fcz uyum sa\u011flarken, sosyal ortamlardaki hislerinizi de etkileyebilir. \u0130yi haber \u015fu ki, \u00e7o\u011fu sosyal de\u011fi\u015fim ge\u00e7icidir ve bir\u00e7ok ki\u015fi tedavi ilerledik\u00e7e kendini daha \u00f6zg\u00fcvenli hisseder.<\/span><\/p>\n\n\n\n<h2 class=\"wp-block-heading\" id=\"ilk-birkac-haftada-en-cok-neler-degisir\"><b>\u0130lk Birka\u00e7 Haftada En \u00c7ok Neler De\u011fi\u015fir<\/b><\/h2>\n\n\n\n<figure class=\"wp-block-image\"><img decoding=\"async\" src=\"https:\/\/lygosdental.com\/\/wp-content\/uploads\/2025\/05\/Adsiz-tasarim-10.webp\" alt=\"Di\u015f Teli Kullanmak Sosyal Hayat\u0131 Nas\u0131l De\u011fi\u015ftirir?\" title=\"\"><\/figure>\n\n\n\n<div class=\"wp-block-rank-math-toc-block\" id=\"rank-math-toc\"><h2>\u0130\u00e7indekiler<\/h2><nav><ul><li class=\"\"><a href=\"#dis-teli-takmak-sosyal-hayati-nasil-etkiler\">Di\u015f Teli Takmak Sosyal Hayat\u0131 Nas\u0131l Etkiler?<\/a><\/li><li class=\"\"><a href=\"#ilk-birkac-haftada-en-cok-neler-degisir\">\u0130lk Birka\u00e7 Haftada En \u00c7ok Neler De\u011fi\u015fir<\/a><\/li><li class=\"\"><a href=\"#disarida-yemek-ve-sosyal-etkinlikler\">D\u0131\u015far\u0131da Yemek ve Sosyal Etkinlikler<\/a><ul><li class=\"\"><a href=\"#dikkat-edilmesi-gereken-yiyecekler\">Dikkat Edilmesi Gereken Yiyecekler<\/a><\/li><li class=\"\"><a href=\"#dis-tellerine-yiyecek-sikismasiyla-basa-cikmak\">Di\u015f Tellerine Yiyecek S\u0131k\u0131\u015fmas\u0131yla Ba\u015fa \u00c7\u0131kmak<\/a><\/li><\/ul><\/li><li class=\"\"><a href=\"#konusmak-gulumsemek-ve-fotograflar\">Konu\u015fmak, G\u00fcl\u00fcmsemek ve Foto\u011fraflar<\/a><ul><li class=\"\"><a href=\"#gecici-telaffuz-degisiklikleri\">Ge\u00e7ici Telaffuz De\u011fi\u015fiklikleri<\/a><\/li><li class=\"\"><a href=\"#gulusunuze-guvenmek\">G\u00fcl\u00fc\u015f\u00fcn\u00fcze G\u00fcvenmek<\/a><\/li><\/ul><\/li><li class=\"\"><a href=\"#zaman-icinde-ozguven-ve-benlik-algisi\">Zaman \u0130\u00e7inde \u00d6zg\u00fcven ve Benlik Alg\u0131s\u0131<\/a><\/li><li class=\"\"><a href=\"#iletisim-ve-diger-insanlarin-tepkileri\">\u0130leti\u015fim ve Di\u011fer \u0130nsanlar\u0131n Tepkileri<\/a><\/li><li class=\"\"><a href=\"#yaygin-sosyal-zorluklar-ve-bas-etme-yollari\">Yayg\u0131n Sosyal Zorluklar ve Ba\u015f Etme Yollar\u0131<\/a><\/li><li class=\"\"><a href=\"#bircok-kisinin-fark-ettigi-sosyal-faydalar\">Bir\u00e7ok Ki\u015finin Fark Etti\u011fi Sosyal Faydalar<\/a><\/li><li class=\"\"><a href=\"#ne-zaman-ortodontiste-danisilmali\">Ne Zaman Ortodontiste Dan\u0131\u015f\u0131lmal\u0131<\/a><\/li><li class=\"\"><a href=\"#sik-sorulan-sorular\">S\u0131k Sorulan Sorular<\/a><ul><li class=\"\"><a href=\"#faq-question-1772457553109\">Di\u015f teli ruh sa\u011fl\u0131\u011f\u0131n\u0131 etkiler mi?<\/a><\/li><li class=\"\"><a href=\"#faq-question-1772457916229\">Di\u015f teli konu\u015fma \u015feklini etkiler mi?<\/a><\/li><li class=\"\"><a href=\"#faq-question-1772457919683\">Di\u015f telinin olumsuz etkileri nelerdir?<\/a><\/li><li class=\"\"><a href=\"#faq-question-1772457923284\">En g\u00fczel di\u015f teli rengi hangisi?<\/a><\/li><li class=\"\"><a href=\"#faq-question-1772457926720\">Di\u015f teli takmak \u00e7ekici mi?<\/a><\/li><\/ul><\/li><\/ul><\/nav><\/div>\n\n\n\n<p><span style=\"font-weight: 400;\"><a href=\"https:\/\/lygosdental.com\/tr\/dis-telleri-nedir-turleri-faydalari-tedavi-suresi-ve-maliyetleri\/\">Di\u015f teli<\/a> tak\u0131lan ilk g\u00fcnlerde g\u00fcl\u00fc\u015f\u00fcn\u00fczde g\u00f6zle g\u00f6r\u00fcl\u00fcr bir de\u011fi\u015fiklik, hafif a\u011fr\u0131lar ve temizlik konusunda bir \u00f6\u011frenme s\u00fcreci ya\u015fanabilir. E\u011fer bir gen\u00e7seniz okulda yap\u0131lacak yorumlardan endi\u015fe edebilirsiniz; yeti\u015fkinseniz i\u015fte ya da randevularda kendinizi rahats\u0131z hissedebilirsiniz. Bu duygular genellikle k\u0131sa s\u00fcrede ge\u00e7er ve di\u015f telleri g\u00fcnl\u00fck rutininizin bir par\u00e7as\u0131 haline gelir.<\/span><\/p>\n\n\n\n<p><span style=\"font-weight: 400;\">E\u011fer g\u00f6r\u00fcn\u00fcrl\u00fck en b\u00fcy\u00fck endi\u015fenizse, uygun oldu\u011fu durumlarda seramik teller, lingual (di\u015f arkas\u0131) teller veya <a href=\"https:\/\/lygosdental.com\/tr\/emily-blunt-dis-estetigi\/\">\u015feffaf plaklar<\/a> gibi daha az belirgin se\u00e7enekleri ortodontistinize sorabilirsiniz.<\/span><\/p>\n\n\n\n<h2 class=\"wp-block-heading\" id=\"disarida-yemek-ve-sosyal-etkinlikler\"><b>D\u0131\u015far\u0131da Yemek ve Sosyal Etkinlikler<\/b><\/h2>\n\n\n\n<p><span style=\"font-weight: 400;\">Arkada\u015flarla yemek yemek ba\u015flang\u0131\u00e7ta farkl\u0131 gelebilir \u00e7\u00fcnk\u00fc baz\u0131 yiyecekler braketleri gev\u015fetebilir veya telleri b\u00fckebilir. Birka\u00e7 basit al\u0131\u015fkanl\u0131kla, \u00e7o\u011fu ki\u015fi d\u0131\u015far\u0131da yemek yerken kendini k\u0131s\u0131tlanm\u0131\u015f hissetmeden bu durumu y\u00f6netebilir.<\/span><\/p>\n\n\n\n<h3 class=\"wp-block-heading\" id=\"dikkat-edilmesi-gereken-yiyecekler\"><b>Dikkat Edilmesi Gereken Yiyecekler<\/b><\/h3>\n\n\n\n<p><span style=\"font-weight: 400;\">Sert, yap\u0131\u015fkan veya \u00e7ok \u00e7i\u011fnenmesi gereken yiyecekler en fazla soruna neden olabilecek olanlard\u0131r. D\u0131\u015far\u0131da, daha yumu\u015fak se\u00e7enekleri tercih edin ve yiyecekleri k\u00fc\u00e7\u00fck par\u00e7alara keserek rahat\u00e7a \u00e7i\u011fneyin.<\/span><\/p>\n\n\n\n<ul class=\"wp-block-list\">\n<li><span style=\"font-weight: 400;\">Sert yiyecekler: kuruyemi\u015f, buz, sert \u015fekerler, sert kabuklu ekmekler<\/span><\/li>\n\n\n\n<li><span style=\"font-weight: 400;\">Yap\u0131\u015fkan yiyecekler: karamel, sak\u0131z, toffee<\/span><\/li>\n\n\n\n<li><span style=\"font-weight: 400;\">Is\u0131rma riski olanlar: b\u00fct\u00fcn elmalar, ko\u00e7an m\u0131s\u0131r, kal\u0131n sandvi\u00e7ler (\u00f6nce kesin)<\/span><\/li>\n<\/ul>\n\n\n\n<h3 class=\"wp-block-heading\" id=\"dis-tellerine-yiyecek-sikismasiyla-basa-cikmak\"><b>Di\u015f Tellerine Yiyecek S\u0131k\u0131\u015fmas\u0131yla Ba\u015fa \u00c7\u0131kmak<\/b><\/h3>\n\n\n\n<p><span style=\"font-weight: 400;\">Di\u015f tellerine yiyecek ka\u00e7mas\u0131 yayg\u0131nd\u0131r ve rahats\u0131z hissettirebilir, ancak y\u00f6netilmesi kolayd\u0131r. \u00c7antan\u0131zda seyahat tipi <a href=\"https:\/\/lygosdental.com\/tr\/dis-fircasi-olmadan-dislerinizi-nasil-temizlersiniz\/\">di\u015f f\u0131r\u00e7as\u0131<\/a>, ara y\u00fcz f\u0131r\u00e7as\u0131 veya di\u015f ipi ge\u00e7iricisi bulundurun. Yemekten sonra su ile h\u0131zl\u0131 bir durulama da, d\u00fczg\u00fcn f\u0131r\u00e7alayana kadar yard\u0131mc\u0131 olabilir.<\/span><\/p>\n\n\n\n<h2 class=\"wp-block-heading\" id=\"konusmak-gulumsemek-ve-fotograflar\"><b>Konu\u015fmak, G\u00fcl\u00fcmsemek ve Foto\u011fraflar<\/b><\/h2>\n\n\n\n<figure class=\"wp-block-image\"><img decoding=\"async\" src=\"https:\/\/lygosdental.com\/\/wp-content\/uploads\/2025\/05\/Adsiz-tasarim-13-768x634.webp\" alt=\"Di\u015f Tellerinin \u00d6zg\u00fcvene Etkisi\" title=\"\"><\/figure>\n\n\n\n<p><\/p>\n\n\n\n<p><span style=\"font-weight: 400;\">Di\u015f telleri, dudaklar\u0131n ve dilin di\u015fler etraf\u0131ndaki hareketini de\u011fi\u015ftirir, bu nedenle ba\u015flang\u0131\u00e7ta k\u00fc\u00e7\u00fck farklar fark etmek normaldir. \u00c7o\u011fu ki\u015fi h\u0131zl\u0131ca uyum sa\u011flar ve arkada\u015flar\u0131n\u0131z genellikle sizin fark etti\u011finiz kadar\u0131n\u0131 bile fark etmez.<\/span><\/p>\n\n\n\n<h3 class=\"wp-block-heading\" id=\"gecici-telaffuz-degisiklikleri\"><b>Ge\u00e7ici Telaffuz De\u011fi\u015fiklikleri<\/b><\/h3>\n\n\n\n<p><span style=\"font-weight: 400;\">Baz\u0131 sesler (\u00f6rne\u011fin \u2018s\u2019 veya \u2018t\u2019) ilk bir iki hafta boyunca farkl\u0131 gelebilir, \u00f6zellikle de \u0131s\u0131rma rampalar\u0131 veya yeni elastikler varsa. G\u00fcnde birka\u00e7 dakika y\u00fcksek sesle okumak uyum s\u00fcrecini h\u0131zland\u0131rabilir. E\u011fer konu\u015fman\u0131z birka\u00e7 hafta sonra h\u00e2l\u00e2 de\u011fi\u015fmediyse, ortodontistiniz olas\u0131 bir nedeni kontrol edebilir.<\/span><\/p>\n\n\n\n<h3 class=\"wp-block-heading\" id=\"gulusunuze-guvenmek\"><b>G\u00fcl\u00fc\u015f\u00fcn\u00fcze G\u00fcvenmek<\/b><\/h3>\n\n\n\n<p><span style=\"font-weight: 400;\">\u00d6zellikle yak\u0131n plan foto\u011fraflarda ba\u015fta daha az g\u00fcl\u00fcmsemek yayg\u0131nd\u0131r. Di\u015fler hizalanmaya ba\u015flad\u0131k\u00e7a, bir\u00e7ok ki\u015fi yeniden rahat\u00e7a g\u00fcl\u00fcmseyip g\u00fclebilir. Foto\u011fraflarda gergin hissediyorsan\u0131z, aynada do\u011fal hissettiren rahat g\u00fcl\u00fcmsemeleri pratik edin.<\/span><\/p>\n\n\n\n<h2 class=\"wp-block-heading\" id=\"zaman-icinde-ozguven-ve-benlik-algisi\"><b>Zaman \u0130\u00e7inde \u00d6zg\u00fcven ve Benlik Alg\u0131s\u0131<\/b><\/h2>\n\n\n\n<p><span style=\"font-weight: 400;\">Tedavinin ba\u015f\u0131nda \u00f6zg\u00fcven azalabilir, ancak ilerleme g\u00f6r\u00fcld\u00fck\u00e7e artar. Daha d\u00fczg\u00fcn di\u015fler, daha iyi bir \u0131s\u0131r\u0131k veya azalan \u00e7apra\u015f\u0131kl\u0131k g\u00f6rmek, oda\u011f\u0131n\u0131z\u0131 tellerden sonu\u00e7lara kayd\u0131rabilir. Bu de\u011fi\u015fim bir\u00e7ok ki\u015fi i\u00e7in sosyal durumlar\u0131 daha kolay hale getirir.<\/span><\/p>\n\n\n\n<h2 class=\"wp-block-heading\" id=\"iletisim-ve-diger-insanlarin-tepkileri\"><b>\u0130leti\u015fim ve Di\u011fer \u0130nsanlar\u0131n Tepkileri<\/b><\/h2>\n\n\n\n<p><span style=\"font-weight: 400;\">\u00c7o\u011fu insan di\u015f tellerini g\u00f6rmeye al\u0131\u015fk\u0131nd\u0131r ve pek \u00f6nemsemez. Biri garip bir yorum yaparsa, sakin bir yan\u0131t durumu b\u00fcy\u00fctmeden sonland\u0131rabilir. \u201cEvet\u2014d\u00fczeltme s\u00fcrecindeyim\u201d veya \u201cIs\u0131r\u0131\u011f\u0131m\u0131 d\u00fczeltiyorum\u201d gibi basit ifadeler genellikle sohbeti ba\u015fka y\u00f6ne \u00e7eker.<\/span><\/p>\n\n\n\n<h2 class=\"wp-block-heading\" id=\"yaygin-sosyal-zorluklar-ve-bas-etme-yollari\"><b>Yayg\u0131n Sosyal Zorluklar ve Ba\u015f Etme Yollar\u0131<\/b><\/h2>\n\n\n\n<figure class=\"wp-block-image\"><img decoding=\"async\" src=\"https:\/\/lygosdental.com\/\/wp-content\/uploads\/2025\/05\/Adsiz-tasarim-12.webp\" alt=\"Di\u015f Teli Takman\u0131n Sosyal Zorluklar\u0131\" title=\"\"><\/figure>\n\n\n\n<p><\/p>\n\n\n\n<p><span style=\"font-weight: 400;\">Birka\u00e7 pratik ara\u00e7, insanlar\u0131n en \u00e7ok endi\u015felendi\u011fi durumlar\u0131 \u00f6nleyebilir. Bu ipu\u00e7lar\u0131 \u00f6zellikle okul, i\u015f toplant\u0131lar\u0131, seyahat ve \u00f6zel etkinlikler i\u00e7in faydal\u0131d\u0131r.<\/span><\/p>\n\n\n\n<p><b>A\u011fr\u0131yan b\u00f6lgeler: <\/b><span style=\"font-weight: 400;\">Rahats\u0131z eden braketlerin \u00fczerine ortodontik mum s\u00fcr\u00fcn ve ortodontistiniz uygun g\u00f6r\u00fcrse \u0131l\u0131k tuzlu suyla durulay\u0131n.<\/span><\/p>\n\n\n\n<p><b>Kuruyan dudaklar veya tahri\u015f: <\/b><span style=\"font-weight: 400;\">Yan\u0131n\u0131zda dudak nemlendiricisi bulundurun ve \u00f6zellikle \u0131s\u0131t\u0131lm\u0131\u015f veya klimal\u0131 ortamlarda d\u00fczenli olarak su i\u00e7in.<\/span><\/p>\n\n\n\n<p><b>K\u0131r\u0131k braket veya batan tel: <\/b><span style=\"font-weight: 400;\">Hemen ortodontistinize ula\u015f\u0131n; k\u0131sa vadeli \u00e7\u00f6z\u00fcmler i\u00e7in mum i\u015fe yarayabilir.<\/span><\/p>\n\n\n\n<p><b>Yak\u0131n konu\u015fmalarda kayg\u0131: <\/b><span style=\"font-weight: 400;\">V\u00fccudunuzu hafif\u00e7e yana \u00e7evirin, g\u00f6z temas\u0131 kurun ve rahat bir h\u0131zda konu\u015fun\u2014insanlar y\u00fcz\u00fcn\u00fcze odaklan\u0131r, tellerinize de\u011fil.<\/span><\/p>\n\n\n\n<p><b>Kendini rahats\u0131z hissetmek: <\/b><span style=\"font-weight: 400;\">Unutmay\u0131n, tedavi ge\u00e7ici ama sonu\u00e7lar kal\u0131c\u0131d\u0131r.<\/span><\/p>\n\n\n\n<h2 class=\"wp-block-heading\" id=\"bircok-kisinin-fark-ettigi-sosyal-faydalar\"><b>Bir\u00e7ok Ki\u015finin Fark Etti\u011fi Sosyal Faydalar<\/b><\/h2>\n\n\n\n<p><span style=\"font-weight: 400;\">Di\u015f telleri sadece g\u00f6r\u00fcn\u00fc\u015fle ilgili de\u011fildir. Daha iyi <a href=\"https:\/\/lygosdental.com\/tr\/gunluk-agiz-hijyeni-rutininiz-nasil-olmali-lygos-dental\/\">a\u011f\u0131z hijyeni<\/a> al\u0131\u015fkanl\u0131klar\u0131n\u0131 destekleyebilir, hizalama d\u00fczeldik\u00e7e temizli\u011fi kolayla\u015ft\u0131rabilir ve k\u00f6t\u00fc bir \u0131s\u0131r\u0131ktan kaynaklanan rahats\u0131zl\u0131\u011f\u0131 azaltabilir. G\u00fcl\u00fc\u015f\u00fcn\u00fcz de\u011fi\u015ftik\u00e7e, konu\u015fmak, g\u00fclmek ve di\u015flerinizi g\u00f6stermek genellikle daha kolay hale gelir.<\/span><\/p>\n\n\n\n<h2 class=\"wp-block-heading\" id=\"ne-zaman-ortodontiste-danisilmali\"><b>Ne Zaman Ortodontiste Dan\u0131\u015f\u0131lmal\u0131<\/b><\/h2>\n\n\n\n<p><span style=\"font-weight: 400;\">E\u011fer a\u011fr\u0131, a\u011f\u0131z yaralar\u0131 veya konu\u015fma de\u011fi\u015fiklikleri yo\u011fun hissediliyorsa ya da ge\u00e7miyorsa, ortodontistinize dan\u0131\u015fmakta fayda vard\u0131r. Telin d\u00fczeltilmesi, elastik kullan\u0131m\u0131n\u0131n de\u011fi\u015ftirilmesi veya uygun yerlere mum eklenmesi gibi k\u00fc\u00e7\u00fck ayarlamalar b\u00fcy\u00fck fark yaratabilir. Erken tavsiye almak, tedavi s\u00fcresince rahat ve sosyal kalman\u0131za yard\u0131mc\u0131 olur.<\/span><\/p>\n\n\n\n<h2 class=\"wp-block-heading\" id=\"sik-sorulan-sorular\"><b>S\u0131k Sorulan Sorular<\/b><\/h2>\n\n\n<div id=\"rank-math-faq\" class=\"rank-math-block\">\n<div class=\"rank-math-list \">\n<div id=\"faq-question-1772457553109\" class=\"rank-math-list-item\">\n<h3 class=\"rank-math-question \">Di\u015f teli ruh sa\u011fl\u0131\u011f\u0131n\u0131 etkiler mi?<\/h3>\n<div class=\"rank-math-answer \">\n\n<p>Evet, \u00f6zg\u00fcven ve stresi etkileyebilir, zamanla \u00f6zg\u00fcveni art\u0131rabilir.<\/p>\n\n<\/div>\n<\/div>\n<div id=\"faq-question-1772457916229\" class=\"rank-math-list-item\">\n<h3 class=\"rank-math-question \">Di\u015f teli konu\u015fma \u015feklini etkiler mi?<\/h3>\n<div class=\"rank-math-answer \">\n\n<p>Evet, dil al\u0131\u015fana kadar ge\u00e7ici pelteklik veya lisp yapabilir.<\/p>\n\n<\/div>\n<\/div>\n<div id=\"faq-question-1772457919683\" class=\"rank-math-list-item\">\n<h3 class=\"rank-math-question \">Di\u015f telinin olumsuz etkileri nelerdir?<\/h3>\n<div class=\"rank-math-answer \">\n\n<p>A\u011fr\u0131, a\u011f\u0131z yaras\u0131, temizlik zorlu\u011fu, beslenme k\u0131s\u0131t\u0131 ve mine demineralizasyonu.<\/p>\n\n<\/div>\n<\/div>\n<div id=\"faq-question-1772457923284\" class=\"rank-math-list-item\">\n<h3 class=\"rank-math-question \">En g\u00fczel di\u015f teli rengi hangisi?<\/h3>\n<div class=\"rank-math-answer \">\n\n<p>Lacivert veya koyu mor en g\u00fczel g\u00f6r\u00fcn\u00fcr ve di\u015fleri daha beyaz g\u00f6sterir.<\/p>\n\n<\/div>\n<\/div>\n<div id=\"faq-question-1772457926720\" class=\"rank-math-list-item\">\n<h3 class=\"rank-math-question \">Di\u015f teli takmak \u00e7ekici mi?<\/h3>\n<div class=\"rank-math-answer \">\n\n<p>Evet, bir\u00e7ok ki\u015fi di\u015f telini \u00e7ekici bulur, \u00f6zellikle \u00f6zg\u00fcvenli g\u00fcl\u00fcmsemeyle.<\/p>\n\n<\/div>\n<\/div>\n<\/div>\n<\/div>","protected":false},"excerpt":{"rendered":"<p>Bu makalede, \u015fu soruya ayr\u0131nt\u0131l\u0131 ve \u00e7ok y\u00f6nl\u00fc bir cevap verece\u011fiz: Di\u015f teli takmak sosyal hayat\u0131 nas\u0131l etkiler?..<\/p>\n","protected":false},"author":7,"featured_media":49114,"comment_status":"open","ping_status":"open","sticky":false,"template":"","format":"standard","meta":{"_acf_changed":false,"footnotes":""},"categories":[288,382],"tags":[1666],"class_list":["post-3237","post","type-post","status-publish","format-standard","has-post-thumbnail","hentry","category-blog","category-estetik-dis-hekimligi","tag-dis-teli-takmak-sosyal-hayati-nasil-etkiler"],"acf":[],"_links":{"self":[{"href":"https:\/\/lygosdental.com\/tr\/wp-json\/wp\/v2\/posts\/3237","targetHints":{"allow":["GET"]}}],"collection":[{"href":"https:\/\/lygosdental.com\/tr\/wp-json\/wp\/v2\/posts"}],"about":[{"href":"https:\/\/lygosdental.com\/tr\/wp-json\/wp\/v2\/types\/post"}],"author":[{"embeddable":true,"href":"https:\/\/lygosdental.com\/tr\/wp-json\/wp\/v2\/users\/7"}],"replies":[{"embeddable":true,"href":"https:\/\/lygosdental.com\/tr\/wp-json\/wp\/v2\/comments?post=3237"}],"version-history":[{"count":1,"href":"https:\/\/lygosdental.com\/tr\/wp-json\/wp\/v2\/posts\/3237\/revisions"}],"predecessor-version":[{"id":43781,"href":"https:\/\/lygosdental.com\/tr\/wp-json\/wp\/v2\/posts\/3237\/revisions\/43781"}],"wp:featuredmedia":[{"embeddable":true,"href":"https:\/\/lygosdental.com\/tr\/wp-json\/wp\/v2\/media\/49114"}],"wp:attachment":[{"href":"https:\/\/lygosdental.com\/tr\/wp-json\/wp\/v2\/media?parent=3237"}],"wp:term":[{"taxonomy":"category","embeddable":true,"href":"https:\/\/lygosdental.com\/tr\/wp-json\/wp\/v2\/categories?post=3237"},{"taxonomy":"post_tag","embeddable":true,"href":"https:\/\/lygosdental.com\/tr\/wp-json\/wp\/v2\/tags?post=3237"}],"curies":[{"name":"wp","href":"https:\/\/api.w.org\/{rel}","templated":true}]}}