{"id":3089,"date":"2025-05-15T07:56:28","date_gmt":"2025-05-15T07:56:28","guid":{"rendered":"https:\/\/lygosdental.com\/tetrasiklin-dis-lekesi-nedir\/"},"modified":"2026-04-27T13:33:33","modified_gmt":"2026-04-27T13:33:33","slug":"tetrasiklin-dis-lekesi-nedir","status":"publish","type":"post","link":"https:\/\/lygosdental.com\/tr\/tetrasiklin-dis-lekesi-nedir\/","title":{"rendered":"Tetrasiklin Di\u015f Lekesi Nedir?"},"content":{"rendered":"\n<h2 class=\"wp-block-heading\" id=\"tetrasiklin-dis-lekesi-nedir\">Tetrasiklin Di\u015f Lekesi Nedir?<\/h2>\n\n\n\n<p>Tetrasiklin di\u015f lekesi, di\u015fler geli\u015firken (hamilelik veya erken \u00e7ocukluk d\u00f6neminde) tetrasiklin s\u0131n\u0131f\u0131 antibiyotiklerin al\u0131nmas\u0131yla olu\u015fan bir t\u00fcr i\u00e7sel (intrinsik) di\u015f renginde bozulmad\u0131r. Bu ila\u00e7, mineralle\u015fen di\u015f dokusuna ba\u011flanarak f\u0131r\u00e7alamayla \u00e7\u0131kmayan sar\u0131, gri, kahverengi veya mavi bantlar b\u0131rak\u0131r. <a href=\"https:\/\/lygosdental.com\/tr\/ben-simmons-dis-estetigi-lygos-dental\/\">Kozmetik di\u015f hekimli\u011fi<\/a> genellikle g\u00f6r\u00fcn\u00fcm\u00fc iyile\u015ftirebilir.<\/p>\n\n\n\n<p><span style=\"font-weight: 400;\">Di\u015f rengi de\u011fi\u015fiklikleri yiyeceklerden, sigaradan, travmadan, ya\u015flanmadan veya baz\u0131 ila\u00e7lardan kaynaklanabilir. Tetrasiklin lekelenmesi farkl\u0131d\u0131r \u00e7\u00fcnk\u00fc di\u015fin y\u00fczeyinde de\u011fil, i\u00e7inde olu\u015fur. Bu nedenle, normal bir temizlik ya da beyazlat\u0131c\u0131 <a href=\"https:\/\/lygosdental.com\/tr\/puf-noktalari-dis-macununuzu-unuttunuz-simdi-ne-yapacaksiniz\/\">di\u015f macunu<\/a> bu lekeleri gideremez.<\/span><\/p>\n\n\n\n<h2 class=\"wp-block-heading\" id=\"tetrasiklinler-nedir\"><b>Tetrasiklinler Nedir?<\/b><\/h2>\n\n\n\n<figure class=\"wp-block-image\"><img decoding=\"async\" src=\"https:\/\/lygosdental.com\/\/wp-content\/uploads\/2025\/05\/Pediatric-Dentis-55-2.png\" alt=\"Tetrasiklin Nedir?\" title=\"\"><\/figure>\n\n\n\n<div class=\"wp-block-rank-math-toc-block\" id=\"rank-math-toc\"><h2>\u0130\u00e7indekiler<\/h2><nav><ul><li class=\"\"><a href=\"#tetrasiklin-dis-lekesi-nedir\">Tetrasiklin Di\u015f Lekesi Nedir?<\/a><\/li><li class=\"\"><a href=\"#tetrasiklinler-nedir\">Tetrasiklinler Nedir?<\/a><\/li><li class=\"\"><a href=\"#tetrasiklin-neden-dislerde-leke-birakir\">Tetrasiklin Neden Di\u015flerde Leke B\u0131rak\u0131r?<\/a><\/li><li class=\"\"><a href=\"#tetrasiklin-lekeleri-nasil-gorunur\">Tetrasiklin Lekeleri Nas\u0131l G\u00f6r\u00fcn\u00fcr?<\/a><\/li><li class=\"\"><a href=\"#kimler-daha-fazla-etkilenir\">Kimler Daha Fazla Etkilenir?<\/a><ul><li class=\"\"><a href=\"#hamilelik-sirasinda-maruz-kalma\">Hamilelik S\u0131ras\u0131nda Maruz Kalma<\/a><\/li><li class=\"\"><a href=\"#yaklasik-8-yasindan-kucuk-cocuklar\">Yakla\u015f\u0131k 8 Ya\u015f\u0131ndan K\u00fc\u00e7\u00fck \u00c7ocuklar<\/a><\/li><li class=\"\"><a href=\"#ergenlerde-ve-yetiskinlerde-uzun-sureli-kullanim\">Ergenlerde ve Yeti\u015fkinlerde Uzun S\u00fcreli Kullan\u0131m<\/a><\/li><\/ul><\/li><li class=\"\"><a href=\"#tetrasiklin-lekeleri-kalici-midir\">Tetrasiklin Lekeleri Kal\u0131c\u0131 M\u0131d\u0131r?<\/a><\/li><li class=\"\"><a href=\"#gorunumu-iyilestirebilecek-tedavi-secenekleri\">G\u00f6r\u00fcn\u00fcm\u00fc \u0130yile\u015ftirebilecek Tedavi Se\u00e7enekleri<\/a><ul><li class=\"\"><a href=\"#profesyonel-beyazlatma\">Profesyonel Beyazlatma<\/a><\/li><li class=\"\"><a href=\"#kompozit-bonding\">Kompozit Bonding<\/a><\/li><li class=\"\"><a href=\"#porselen-laminalar-veneer\">Porselen Laminalar (Veneer)<\/a><\/li><li class=\"\"><a href=\"#tam-kaplama-kronlar\">Tam Kaplama Kronlar<\/a><\/li><\/ul><\/li><li class=\"\"><a href=\"#tetrasiklin-dis-lekeleri-nasil-onlenir\">Tetrasiklin Di\u015f Lekeleri Nas\u0131l \u00d6nlenir?<\/a><\/li><li class=\"\"><a href=\"#ne-zaman-dis-hekimine-gorunmeli\">Ne Zaman Di\u015f Hekimine G\u00f6r\u00fcnmeli?<\/a><\/li><li class=\"\"><a href=\"#sik-sorulan-sorular\">S\u0131k Sorulan Sorular<\/a><ul><li class=\"\"><a href=\"#faq-question-1772450836332\">Di\u015flerde tetrasiklin lekelenmesi nedir?<\/a><\/li><li class=\"\"><a href=\"#faq-question-1772450849392\">Tetrasiklin lekelenmesi ge\u00e7er mi?<\/a><\/li><li class=\"\"><a href=\"#faq-question-1772450853084\">Tetrasiklin lekelerinden nas\u0131l kurtulursunuz?<\/a><\/li><li class=\"\"><a href=\"#faq-question-1772450859843\">Tetrasiklin di\u015fleri nas\u0131l olur?<\/a><\/li><li class=\"\"><a href=\"#faq-question-1772450867409\">Tetrasiklin lekeleri i\u00e7in hangi di\u015f macunu iyidir?<\/a><\/li><li class=\"\"><a href=\"#faq-question-1772450872274\">Tetrasiklinin iki ciddi yan etkisi nelerdir?<\/a><\/li><\/ul><\/li><\/ul><\/nav><\/div>\n\n\n\n<p><span style=\"font-weight: 400;\">Tetrasiklinler, \u00e7ok \u00e7e\u015fitli bakteriyel enfeksiyonlar\u0131 tedavi etmek i\u00e7in kullan\u0131lan geni\u015f spektrumlu antibiyotik ailesidir. Yayg\u0131n \u00f6rnekler aras\u0131nda tetrasiklin, doksisiklin ve minosiklin bulunur. Akne, solunum yolu enfeksiyonlar\u0131, baz\u0131 cilt enfeksiyonlar\u0131 ve belirli kene kaynakl\u0131 hastal\u0131klar gibi durumlar i\u00e7in re\u00e7ete edilirler.<\/span><\/p>\n\n\n\n<h2 class=\"wp-block-heading\" id=\"tetrasiklin-neden-dislerde-leke-birakir\"><b>Tetrasiklin Neden Di\u015flerde Leke B\u0131rak\u0131r?<\/b><\/h2>\n\n\n\n<p><span style=\"font-weight: 400;\">Bu antibiyotikler kalsiyuma g\u00fc\u00e7l\u00fc bir \u015fekilde ba\u011flan\u0131r. Di\u015fler olu\u015furken, tetrasiklinler geli\u015fmekte olan mine ve dentine yerle\u015febilir. Zamanla, bu hapsolmu\u015f bile\u015fikler \u00f6zellikle \u0131\u015f\u0131\u011fa maruz kald\u0131k\u00e7a koyula\u015fabilir ve di\u015f yap\u0131s\u0131na yerle\u015fmi\u015f bir leke olu\u015fturabilir.<\/span><\/p>\n\n\n\n<h2 class=\"wp-block-heading\" id=\"tetrasiklin-lekeleri-nasil-gorunur\"><b>Tetrasiklin Lekeleri Nas\u0131l G\u00f6r\u00fcn\u00fcr?<\/b><\/h2>\n\n\n\n<p><span style=\"font-weight: 400;\">Tetrasikline ba\u011fl\u0131 renk de\u011fi\u015fikli\u011fi genellikle sar\u0131, kahverengi, gri veya mavi tonlar \u015feklinde g\u00f6r\u00fcl\u00fcr. Baz\u0131 ki\u015filer di\u015flerde yatay bantlar fark ederken, baz\u0131lar\u0131 daha e\u015fit, genel bir renk de\u011fi\u015fikli\u011fi g\u00f6zlemler. Renk ve desen, antibiyotik t\u00fcr\u00fcne, dozuna ve maruz kalma s\u0131ras\u0131ndaki di\u015f geli\u015fim evresine ba\u011fl\u0131d\u0131r.<\/span><\/p>\n\n\n\n<h2 class=\"wp-block-heading\" id=\"kimler-daha-fazla-etkilenir\"><b>Kimler Daha Fazla Etkilenir?<\/b><\/h2>\n\n\n\n<figure class=\"wp-block-image\"><img decoding=\"async\" src=\"https:\/\/lygosdental.com\/\/wp-content\/uploads\/2025\/05\/who-is-affected-by-tetracycline-tooth-stains-768x634.webp\" alt=\"Tetrasiklin Di\u015f Lekesinden Kimler Etkilenir?\" title=\"\"><\/figure>\n\n\n\n<p><\/p>\n\n\n\n<h3 class=\"wp-block-heading\" id=\"hamilelik-sirasinda-maruz-kalma\"><b>Hamilelik S\u0131ras\u0131nda Maruz Kalma<\/b><\/h3>\n\n\n\n<p><span style=\"font-weight: 400;\">Tetrasiklinler plasentadan ge\u00e7ebilir. Hamileli\u011fin ilerleyen d\u00f6nemlerinde\u2014bebe\u011fin <a href=\"https:\/\/lygosdental.com\/tr\/cocuklar-icin-dis-bakimi\/\">s\u00fct di\u015fleri<\/a> ve kal\u0131c\u0131 di\u015flerinin erken k\u0131s\u0131mlar\u0131 mineralle\u015firken\u2014kullan\u0131ld\u0131\u011f\u0131nda lekelere yol a\u00e7abilir. Bu nedenle, tetrasiklinler genellikle hamilelikte yaln\u0131zca doktor risklerin faydalardan daha az oldu\u011funu a\u00e7\u0131k\u00e7a belirtti\u011finde kullan\u0131l\u0131r.<\/span><\/p>\n\n\n\n<h3 class=\"wp-block-heading\" id=\"yaklasik-8-yasindan-kucuk-cocuklar\"><b>Yakla\u015f\u0131k 8 Ya\u015f\u0131ndan K\u00fc\u00e7\u00fck \u00c7ocuklar<\/b><\/h3>\n\n\n\n<p><span style=\"font-weight: 400;\">En y\u00fcksek risk k\u00fc\u00e7\u00fck \u00e7ocuklardad\u0131r \u00e7\u00fcnk\u00fc bir\u00e7ok kal\u0131c\u0131 di\u015f h\u00e2l\u00e2 geli\u015fmektedir. Bu d\u00f6nemde tetrasiklin s\u0131n\u0131f\u0131 antibiyotikler kullan\u0131ld\u0131\u011f\u0131nda, hem s\u00fct di\u015fleri hem de sonradan \u00e7\u0131kan kal\u0131c\u0131 di\u015fler etkilenebilir. Pratikte, doktorlar bu ya\u015f grubundaki s\u0131radan enfeksiyonlar i\u00e7in genellikle ba\u015fka antibiyotikleri tercih eder.<\/span><\/p>\n\n\n\n<h3 class=\"wp-block-heading\" id=\"ergenlerde-ve-yetiskinlerde-uzun-sureli-kullanim\"><b>Ergenlerde ve Yeti\u015fkinlerde Uzun S\u00fcreli Kullan\u0131m<\/b><\/h3>\n\n\n\n<p><span style=\"font-weight: 400;\">\u00c7o\u011fu yeti\u015fkinde klasik tetrasiklin bantla\u015fmas\u0131 geli\u015fmez \u00e7\u00fcnk\u00fc di\u015fler zaten olu\u015fmu\u015ftur. Ancak minosiklin\u2014\u00f6zellikle uzun s\u00fcreli kullan\u0131mlarda\u2014baz\u0131 hastalarda \u00e7\u0131kan di\u015flerde ve di\u015f etlerinde lekelenmeye yol a\u00e7abilir. Akne ya da ba\u015fka bir durum i\u00e7in tetrasiklin kullan\u0131rken yeni renk de\u011fi\u015fiklikleri fark ederseniz, alternatifler hakk\u0131nda doktorunuza ve di\u015f hekiminize dan\u0131\u015f\u0131n.<\/span><\/p>\n\n\n\n<h2 class=\"wp-block-heading\" id=\"tetrasiklin-lekeleri-kalici-midir\"><b>Tetrasiklin Lekeleri Kal\u0131c\u0131 M\u0131d\u0131r?<\/b><\/h2>\n\n\n\n<p><span style=\"font-weight: 400;\">\u00c7o\u011fu durumda evet. \u00c7\u00fcnk\u00fc renk de\u011fi\u015fimi di\u015fin i\u00e7indedir, <a href=\"https:\/\/lygosdental.com\/tr\/cocuklariniza-dis-fircalamayi-nasil-ogretirsiniz\/\">f\u0131r\u00e7alama<\/a>, cilalama ve \u00e7o\u011fu re\u00e7etesiz \u00fcr\u00fcn bu lekeleri gideremez. \u0130yi haber \u015fu ki modern kozmetik di\u015f hekimli\u011fi, lekenin derinli\u011fi ve rengine ba\u011fl\u0131 olarak genellikle rengi a\u00e7abilir veya tamamen maskeleyebilir.<\/span><\/p>\n\n\n\n<h2 class=\"wp-block-heading\" id=\"gorunumu-iyilestirebilecek-tedavi-secenekleri\"><b>G\u00f6r\u00fcn\u00fcm\u00fc \u0130yile\u015ftirebilecek Tedavi Se\u00e7enekleri<\/b><\/h2>\n\n\n\n<p><span style=\"font-weight: 400;\">Bir di\u015f hekimi genellikle \u00e7\u00fcr\u00fck, mine kusurlar\u0131 ve di\u015f eti sa\u011fl\u0131\u011f\u0131n\u0131 kontrol eder, ard\u0131ndan tedaviyi lekenin \u015fiddetine g\u00f6re belirler. Hafif sar\u0131 veya a\u00e7\u0131k kahverengi lekeler muhafazak\u00e2r se\u00e7eneklere yan\u0131t verebilirken, gri veya mavi tonlar genellikle <a href=\"https:\/\/lygosdental.com\/tr\/dis-kronu-dustu-mu\/\">kaplama<\/a> bazl\u0131 \u00e7\u00f6z\u00fcmler gerektirir. Bazen, tedavilerin birle\u015ftirilmesi en do\u011fal sonucu verir.<\/span><\/p>\n\n\n\n<h3 class=\"wp-block-heading\" id=\"profesyonel-beyazlatma\"><b>Profesyonel Beyazlatma<\/b><\/h3>\n\n\n\n<p><span style=\"font-weight: 400;\">Klinikte uygulanan beyazlatma ve di\u015f hekimi g\u00f6zetiminde ev tipi plaklar hafif ila orta dereceli lekelerde yard\u0131mc\u0131 olabilir. Sar\u0131-kahverengi renk de\u011fi\u015fikliklerinde sonu\u00e7lar genellikle daha iyidir; gri-mavi tonlarda ise daha az ba\u015far\u0131l\u0131d\u0131r. Beyazlatma daha uzun s\u00fcrebilir ve hassasiyet y\u00f6netimi tedavi plan\u0131n\u0131n bir par\u00e7as\u0131d\u0131r.<\/span><\/p>\n\n\n\n<h3 class=\"wp-block-heading\" id=\"kompozit-bonding\"><b>Kompozit Bonding<\/b><\/h3>\n\n\n\n<p><span style=\"font-weight: 400;\">Kompozit bonding, di\u015f renginde bir re\u00e7ine kullanarak renk de\u011fi\u015fimini kapat\u0131r ve di\u015f \u015feklini d\u00fczeltir. Daha k\u00fc\u00e7\u00fck alanlar veya uygun maliyetli estetik bir \u00e7\u00f6z\u00fcm i\u00e7in iyi bir se\u00e7enek olabilir. Bonding, porselene g\u00f6re daha az dayan\u0131kl\u0131d\u0131r ve zamanla bak\u0131m gerektirebilir.<\/span><\/p>\n\n\n\n<h3 class=\"wp-block-heading\" id=\"porselen-laminalar-veneer\"><b>Porselen Laminalar (Veneer)<\/b><\/h3>\n\n\n\n<p><span style=\"font-weight: 400;\">Laminalar, di\u015flerin \u00f6n y\u00fczeyine yap\u0131\u015ft\u0131r\u0131lan ince porselen kaplamalard\u0131r. \u00d6zellikle \u00f6n di\u015flerde bantla\u015fma oldu\u011funda, orta ila \u015fiddetli tetrasiklin lekelerini g\u00fcvenilir \u015fekilde gizleyebilir. Laminalar\u0131n do\u011fal ve opak g\u00f6r\u00fcnmemesi i\u00e7in dikkatli bir renk tonu plan\u0131 gereklidir.<\/span><\/p>\n\n\n\n<h3 class=\"wp-block-heading\" id=\"tam-kaplama-kronlar\"><b>Tam Kaplama Kronlar<\/b><\/h3>\n\n\n\n<p><span style=\"font-weight: 400;\">Renk de\u011fi\u015fimi \u015fiddetliyse veya di\u015fin yap\u0131sal onar\u0131ma da ihtiyac\u0131 varsa, kron en iyi se\u00e7enek olabilir. Zirkonya veya porselen destekli malzemeler, koyu i\u00e7 rengi engellerken sa\u011flaml\u0131\u011f\u0131 da geri kazand\u0131r\u0131r. Kronlar, laminalardan daha fazla di\u015f t\u00f6rp\u00fcleme gerektirir, bu y\u00fczden yaln\u0131zca uygun klinik durumlarda tercih edilir.<\/span><\/p>\n\n\n\n<h2 class=\"wp-block-heading\" id=\"tetrasiklin-dis-lekeleri-nasil-onlenir\"><b>Tetrasiklin Di\u015f Lekeleri Nas\u0131l \u00d6nlenir?<\/b><\/h2>\n\n\n\n<figure class=\"wp-block-image\"><img decoding=\"async\" src=\"https:\/\/lygosdental.com\/\/wp-content\/uploads\/2025\/05\/how-are-tetracycline-tooth-stains-treated.webp\" alt=\"Tetrasiklin Di\u015f Lekeleri Nas\u0131l Tedavi Edilir?\" title=\"\"><\/figure>\n\n\n\n<p><\/p>\n\n\n\n<p><span style=\"font-weight: 400;\">\u00d6nleme, esas olarak zamanlama ve ila\u00e7 se\u00e7imiyle ilgilidir:<\/span><\/p>\n\n\n\n<ul class=\"wp-block-list\">\n<li><span style=\"font-weight: 400;\">Bir klinisyen \u00f6zellikle \u00f6nermedik\u00e7e, hamilelikte ve erken \u00e7ocuklukta tetrasiklin s\u0131n\u0131f\u0131 antibiyotiklerden ka\u00e7\u0131n\u0131n.<\/span><\/li>\n\n\n\n<li><span style=\"font-weight: 400;\">8 ya\u015f alt\u0131ndaki \u00e7ocuklar i\u00e7in, tedavi edilen enfeksiyona uygun ba\u015fka bir antibiyoti\u011fin kullan\u0131l\u0131p kullan\u0131lamayaca\u011f\u0131n\u0131 sorun.<\/span><\/li>\n\n\n\n<li><span style=\"font-weight: 400;\">Ciddi bir hastal\u0131k i\u00e7in tetrasiklin re\u00e7ete edildiyse, doktorunuzun talimatlar\u0131na uyun ve t\u0131bbi dan\u0131\u015fmanl\u0131k olmadan ilac\u0131 b\u0131rakmay\u0131n.<\/span><\/li>\n\n\n\n<li><span style=\"font-weight: 400;\">Ge\u00e7mi\u015fte tetrasiklin kulland\u0131ysan\u0131z di\u015f hekiminize mutlaka bildirin, b\u00f6ylece renk de\u011fi\u015fikli\u011fi erken de\u011ferlendirilebilir.<\/span><\/li>\n<\/ul>\n\n\n\n<h2 class=\"wp-block-heading\" id=\"ne-zaman-dis-hekimine-gorunmeli\"><b>Ne Zaman Di\u015f Hekimine G\u00f6r\u00fcnmeli?<\/b><\/h2>\n\n\n\n<p><span style=\"font-weight: 400;\">E\u011fer bantla\u015fma, gri-mavi renk de\u011fi\u015fikli\u011fi veya temizlikle ge\u00e7meyen d\u00fczensiz di\u015f rengi fark ederseniz randevu al\u0131n. Di\u015f hekiminiz lekenin i\u00e7sel olup olmad\u0131\u011f\u0131n\u0131 belirleyebilir, di\u011fer nedenleri ekarte edebilir ve her tedavi se\u00e7ene\u011finin ger\u00e7ek\u00e7i sonu\u00e7lar\u0131n\u0131 a\u00e7\u0131klayabilir. Beyazlatma, veneer veya kron planlamas\u0131nda foto\u011fraflar ve renk takibi genellikle yard\u0131mc\u0131 olur.<\/span><\/p>\n\n\n\n<h2 class=\"wp-block-heading\" id=\"sik-sorulan-sorular\"><b>S\u0131k Sorulan Sorular<\/b><\/h2>\n\n\n<div id=\"rank-math-faq\" class=\"rank-math-block\">\n<div class=\"rank-math-list \">\n<div id=\"faq-question-1772450836332\" class=\"rank-math-list-item\">\n<h3 class=\"rank-math-question \">Di\u015flerde tetrasiklin lekelenmesi nedir?<\/h3>\n<div class=\"rank-math-answer \">\n\n<p>Di\u015f geli\u015fimi s\u0131ras\u0131nda tetrasikline maruz kalmaya ba\u011fl\u0131 i\u00e7sel di\u015f renklenmesidir.<\/p>\n\n<\/div>\n<\/div>\n<div id=\"faq-question-1772450849392\" class=\"rank-math-list-item\">\n<h3 class=\"rank-math-question \">Tetrasiklin lekelenmesi ge\u00e7er mi?<\/h3>\n<div class=\"rank-math-answer \">\n\n<p>Hay\u0131r; kendili\u011finden kaybolmaz, ancak <a href=\"https:\/\/lygosdental.com\/tr\/jordyn-woods-dis-estetigi\/\">profesyonel beyazlatma<\/a> veya laminalar g\u00f6r\u00fcn\u00fcm\u00fc iyile\u015ftirir.<\/p>\n\n<\/div>\n<\/div>\n<div id=\"faq-question-1772450853084\" class=\"rank-math-list-item\">\n<h3 class=\"rank-math-question \">Tetrasiklin lekelerinden nas\u0131l kurtulursunuz?<\/h3>\n<div class=\"rank-math-answer \">\n\n<p>Di\u015f hekimi g\u00f6zetimli beyazlatma, bonding veya porselen lamina; a\u011f\u0131r olguda kron gerekebilir.<\/p>\n\n<\/div>\n<\/div>\n<div id=\"faq-question-1772450859843\" class=\"rank-math-list-item\">\n<h3 class=\"rank-math-question \">Tetrasiklin di\u015fleri nas\u0131l olur?<\/h3>\n<div class=\"rank-math-answer \">\n\n<p>Ge\u00e7 gebelikte veya erken \u00e7ocuklukta di\u015fler olu\u015furken tetrasiklin kullan\u0131lmas\u0131yla olu\u015fur.<\/p>\n\n<\/div>\n<\/div>\n<div id=\"faq-question-1772450867409\" class=\"rank-math-list-item\">\n<h3 class=\"rank-math-question \">Tetrasiklin lekeleri i\u00e7in hangi di\u015f macunu iyidir?<\/h3>\n<div class=\"rank-math-answer \">\n\n<p>Hi\u00e7bir macun i\u00e7sel tetrasiklin lekesini \u00e7\u0131karmaz; flor\u00fcrl\u00fc macun kullan\u0131n, di\u015f hekimine gidin.<\/p>\n\n<\/div>\n<\/div>\n<div id=\"faq-question-1772450872274\" class=\"rank-math-list-item\">\n<h3 class=\"rank-math-question \">Tetrasiklinin iki ciddi yan etkisi nelerdir?<\/h3>\n<div class=\"rank-math-answer \">\n\n<p>\u015eiddetli alerjik reaksiyonlar ve intrakraniyal hipertansiyon (ps\u00f6dot\u00fcm\u00f6r serebri) iki ciddi etkidir.<\/p>\n\n<\/div>\n<\/div>\n<\/div>\n<\/div>\n\n\n<p><br><\/p>\n\n\n\n<ol class=\"wp-block-list\"><\/ol>\n","protected":false},"excerpt":{"rendered":"<p>Bu durum genellikle \u201ctetrasiklin di\u015f lekesi\u201d olarak adland\u0131r\u0131l\u0131r. Peki, tetrasiklin di\u015f lekesi nedir? Bu lekeler neden olu\u015fur, kimler bundan etkilenir?<\/p>\n","protected":false},"author":7,"featured_media":48973,"comment_status":"open","ping_status":"open","sticky":false,"template":"","format":"standard","meta":{"_acf_changed":false,"footnotes":""},"categories":[288,287],"tags":[1574],"class_list":["post-3089","post","type-post","status-publish","format-standard","has-post-thumbnail","hentry","category-blog","category-genel-dis-hekimligi","tag-tetrasiklin-dis-lekesi-nedir"],"acf":[],"_links":{"self":[{"href":"https:\/\/lygosdental.com\/tr\/wp-json\/wp\/v2\/posts\/3089","targetHints":{"allow":["GET"]}}],"collection":[{"href":"https:\/\/lygosdental.com\/tr\/wp-json\/wp\/v2\/posts"}],"about":[{"href":"https:\/\/lygosdental.com\/tr\/wp-json\/wp\/v2\/types\/post"}],"author":[{"embeddable":true,"href":"https:\/\/lygosdental.com\/tr\/wp-json\/wp\/v2\/users\/7"}],"replies":[{"embeddable":true,"href":"https:\/\/lygosdental.com\/tr\/wp-json\/wp\/v2\/comments?post=3089"}],"version-history":[{"count":1,"href":"https:\/\/lygosdental.com\/tr\/wp-json\/wp\/v2\/posts\/3089\/revisions"}],"predecessor-version":[{"id":43566,"href":"https:\/\/lygosdental.com\/tr\/wp-json\/wp\/v2\/posts\/3089\/revisions\/43566"}],"wp:featuredmedia":[{"embeddable":true,"href":"https:\/\/lygosdental.com\/tr\/wp-json\/wp\/v2\/media\/48973"}],"wp:attachment":[{"href":"https:\/\/lygosdental.com\/tr\/wp-json\/wp\/v2\/media?parent=3089"}],"wp:term":[{"taxonomy":"category","embeddable":true,"href":"https:\/\/lygosdental.com\/tr\/wp-json\/wp\/v2\/categories?post=3089"},{"taxonomy":"post_tag","embeddable":true,"href":"https:\/\/lygosdental.com\/tr\/wp-json\/wp\/v2\/tags?post=3089"}],"curies":[{"name":"wp","href":"https:\/\/api.w.org\/{rel}","templated":true}]}}