{"id":1733,"date":"2025-07-26T12:56:04","date_gmt":"2025-07-26T12:56:04","guid":{"rendered":"https:\/\/lygosdental.com\/kronik-periodontitis\/"},"modified":"2026-03-16T06:50:25","modified_gmt":"2026-03-16T06:50:25","slug":"kronik-periodontitis","status":"publish","type":"post","link":"https:\/\/lygosdental.com\/tr\/kronik-periodontitis\/","title":{"rendered":"Kronik Periodontitis"},"content":{"rendered":"<h2><b>Kronik Periodontitis<\/b><\/h2>\n<p><span style=\"font-weight: 400;\">Kronik periodontitis, esas olarak plak ve <a href=\"https:\/\/lygosdental.com\/tr\/tartar-temizligi-nasil-yapilir\/\">tartar<\/a> birikimi nedeniyle olu\u015fan uzun s\u00fcreli bir di\u015f eti enfeksiyonudur. Sessizce di\u015f etlerini iltihapland\u0131rabilir, di\u015flerin etraf\u0131ndaki cepleri derinle\u015ftirebilir ve di\u015fleri yerinde tutan kemi\u011fi yava\u015f yava\u015f zay\u0131flatabilir. Erken te\u015fhis, profesyonel temizlik ve d\u00fczenli ev bak\u0131m\u0131 ile hastal\u0131\u011f\u0131n ilerlemesi yava\u015flat\u0131labilir veya durdurulabilir ve <a href=\"https:\/\/lygosdental.com\/tr\/bebek-disleri-tedavi-edilebilir-mi\/\">di\u015f kayb\u0131<\/a> genellikle \u00f6nlenebilir.<\/span><\/p>\n<p><span style=\"font-weight: 400;\">Di\u015f eti hastal\u0131\u011f\u0131 genellikle hafif belirtilerle ba\u015flar, bu y\u00fczden fark edilmesi kolayd\u0131r. Kronik periodontitis en yayg\u0131n formlardan biridir ve a\u011fr\u0131 ortaya \u00e7\u0131kmadan \u00f6nce aylar veya y\u0131llar boyunca ilerleyebilir. Tedavi edilmeyen hastal\u0131k gev\u015fek di\u015flere, di\u015f kayb\u0131na ve genel sa\u011fl\u0131\u011f\u0131 etkileyen s\u00fcrekli iltihaplanmaya yol a\u00e7abilir.<\/span><\/p>\n<h2><b>Kronik Periodontitis Nedir?<\/b><\/h2>\n<p><img loading=\"lazy\" decoding=\"async\" src=\"https:\/\/lygosdental.com\/\/wp-content\/uploads\/2025\/07\/Pediatric-Dentis-31_1.webp\" sizes=\"auto, (max-width: 800px) 100vw, 800px\" srcset=\"https:\/\/lygosdental.com\/\/wp-content\/uploads\/2025\/07\/Pediatric-Dentis-31_1.webp 800w, https:\/\/lygosdental.com\/\/wp-content\/uploads\/2025\/07\/Pediatric-Dentis-31_1-300x248.webp 300w, https:\/\/lygosdental.com\/\/wp-content\/uploads\/2025\/07\/Pediatric-Dentis-31_1-768x634.webp 768w\" alt=\"What is Chronic Periodontitis?\" width=\"800\" height=\"660\" title=\"\"><\/p>\n<p><span style=\"font-weight: 400;\">Kronik periodontitis, di\u015fleri destekleyen dokular\u0131n yava\u015f ilerleyen iltihaplanmas\u0131 ve enfeksiyonudur. Di\u015f pla\u011f\u0131ndaki bakteriler di\u015f etlerinde tahri\u015fe neden olur ve zamanla enfeksiyon periodontal ba\u011f dokusuna ve \u00e7ene kemi\u011fine ula\u015fabilir. Destek yap\u0131lar bozulduk\u00e7a di\u015f etleri \u00e7ekilebilir ve di\u015fler hareketli hale gelebilir.<\/span><\/p>\n<h2><b>Kronik ve Akut Periodontitis Kar\u015f\u0131la\u015ft\u0131rmas\u0131<\/b><\/h2>\n<p><span style=\"font-weight: 400;\">Hem kronik hem de akut periodontitis di\u015f etlerini ve \u00e7evresindeki dokular\u0131 etkiler, ancak farkl\u0131 \u015fekilde seyrederler. Kronik hastal\u0131k genellikle yava\u015f ve hafif belirtilerle geli\u015firken, akut ataklar aniden ortaya \u00e7\u0131kar ve a\u011fr\u0131l\u0131 olabilir.<\/span><\/p>\n<table>\n<tbody>\n<tr>\n<td><span style=\"font-weight: 400;\">\u00d6zellik<\/span><\/td>\n<td><span style=\"font-weight: 400;\">Kronik Periodontitis<\/span><\/td>\n<td><span style=\"font-weight: 400;\">Akut Periodontitis<\/span><\/td>\n<\/tr>\n<tr>\n<td><span style=\"font-weight: 400;\">Ba\u015flang\u0131\u00e7<\/span><\/td>\n<td><span style=\"font-weight: 400;\">Yava\u015f, genellikle ba\u015flang\u0131\u00e7ta fark edilmez<\/span><\/td>\n<td><span style=\"font-weight: 400;\">Ani<\/span><\/td>\n<\/tr>\n<tr>\n<td><span style=\"font-weight: 400;\">Belirtiler<\/span><\/td>\n<td><span style=\"font-weight: 400;\">Ba\u015flang\u0131\u00e7ta genellikle hafif; kanama, \u00e7ekilme, k\u00f6t\u00fc nefes gibi belirtiler i\u00e7erebilir<\/span><\/td>\n<td><span style=\"font-weight: 400;\">Daha yo\u011fun a\u011fr\u0131, \u015fi\u015flik; ciddi durumlarda ate\u015f g\u00f6r\u00fclebilir<\/span><\/td>\n<\/tr>\n<tr>\n<td><span style=\"font-weight: 400;\">\u0130lerlemesi<\/span><\/td>\n<td><span style=\"font-weight: 400;\">Aylar veya y\u0131llar i\u00e7inde geli\u015fir<\/span><\/td>\n<td><span style=\"font-weight: 400;\">H\u0131zla k\u00f6t\u00fcle\u015febilir<\/span><\/td>\n<\/tr>\n<tr>\n<td><span style=\"font-weight: 400;\">G\u00f6r\u00fclme s\u0131kl\u0131\u011f\u0131<\/span><\/td>\n<td><span style=\"font-weight: 400;\">Daha yayg\u0131n<\/span><\/td>\n<td><span style=\"font-weight: 400;\">Daha nadir<\/span><\/td>\n<\/tr>\n<tr>\n<td><span style=\"font-weight: 400;\">Tedavi aciliyeti<\/span><\/td>\n<td><span style=\"font-weight: 400;\">Planl\u0131 tedavi ve uzun vadeli bak\u0131m<\/span><\/td>\n<td><span style=\"font-weight: 400;\">Belirti ve enfeksiyonun kontrol\u00fc i\u00e7in h\u0131zl\u0131 m\u00fcdahale gerekir<\/span><\/td>\n<\/tr>\n<\/tbody>\n<\/table>\n<p><span style=\"font-weight: 400;\">Kronik hastal\u0131k \u00fczerine zaman zaman akut alevlenmeler geli\u015febilir. Ani a\u011fr\u0131 veya \u015fi\u015flik fark edilirse, di\u015f hekimi ziyareti ertelenmemelidir.<\/span><\/p>\n<h2><b>Kronik Periodontitis\u2019e Ne Sebep Olur?<\/b><\/h2>\n<p><span style=\"font-weight: 400;\">Ba\u015fl\u0131ca tetikleyici, di\u015flerin ve di\u015f eti \u00e7izgisinin \u00fczerinde kalan bakteriyel plaklard\u0131r. Plak tartara d\u00f6n\u00fc\u015ft\u00fc\u011f\u00fcnde profesyonel temizlik olmadan \u00e7\u0131kar\u0131lmas\u0131 zorla\u015f\u0131r ve bakterilerin \u00e7o\u011falabilece\u011fi bir y\u00fczey olu\u015fur.<\/span><\/p>\n<ul>\n<li style=\"font-weight: 400;\" aria-level=\"1\"><b>Plak ve tartar: <\/b><span style=\"font-weight: 400;\">Yetersiz <a href=\"https:\/\/lygosdental.com\/tr\/cocuklariniza-dis-fircalamayi-nasil-ogretirsiniz\/\">f\u0131r\u00e7alama<\/a> ve ara y\u00fcz temizli\u011fi, birikintilerin olu\u015fmas\u0131na ve di\u015f etlerinin tahri\u015f olmas\u0131na neden olur.<\/span><\/li>\n<li style=\"font-weight: 400;\" aria-level=\"1\"><b>Sigara ve t\u00fct\u00fcn kullan\u0131m\u0131: <\/b><span style=\"font-weight: 400;\">T\u00fct\u00fcn, di\u015f eti dokusuna kan ak\u0131\u015f\u0131n\u0131 azalt\u0131r ve iyile\u015fmeyi yava\u015flat\u0131r.<\/span><\/li>\n<li style=\"font-weight: 400;\" aria-level=\"1\"><b>Genetik yatk\u0131nl\u0131k: <\/b><span style=\"font-weight: 400;\">Ailede ge\u00e7mi\u015fte di\u015f eti hastal\u0131\u011f\u0131 olan bireylerde, hijyen iyi olsa bile risk artar.<\/span><\/li>\n<li style=\"font-weight: 400;\" aria-level=\"1\"><b>Sistemik hastal\u0131klar: <\/b><span style=\"font-weight: 400;\">Diyabet ve ba\u011f\u0131\u015f\u0131kl\u0131\u011f\u0131 etkileyen di\u011fer durumlar di\u015f eti enfeksiyonlar\u0131n\u0131 daha olas\u0131 ve kontrol\u00fc zor hale getirir.<\/span><\/li>\n<li style=\"font-weight: 400;\" aria-level=\"1\"><b>Hormonel de\u011fi\u015fiklikler: <\/b><span style=\"font-weight: 400;\">Hamilelik, ergenlik ve menopoz d\u00f6nemlerinde di\u015f etleri pla\u011fa daha hassas hale gelebilir.<\/span><\/li>\n<\/ul>\n<h2><b>Kimler Risk Alt\u0131nda?<\/b><\/h2>\n<p><img loading=\"lazy\" decoding=\"async\" src=\"https:\/\/lygosdental.com\/\/wp-content\/uploads\/2025\/07\/Pediatric-Dentis-32-768x634.webp\" sizes=\"auto, (max-width: 768px) 100vw, 768px\" srcset=\"https:\/\/lygosdental.com\/\/wp-content\/uploads\/2025\/07\/Pediatric-Dentis-32-768x634.webp 768w, https:\/\/lygosdental.com\/\/wp-content\/uploads\/2025\/07\/Pediatric-Dentis-32-300x248.webp 300w, https:\/\/lygosdental.com\/\/wp-content\/uploads\/2025\/07\/Pediatric-Dentis-32.webp 800w\" alt=\"Who is at Risk for Chronic Periodontitis?\" width=\"768\" height=\"634\" title=\"\"><\/p>\n<p><span style=\"font-weight: 400;\">Kronik periodontitis herkesi etkileyebilir, ancak baz\u0131 fakt\u00f6rler hastal\u0131\u011f\u0131n ortaya \u00e7\u0131kmas\u0131n\u0131 veya \u015fiddetini art\u0131rabilir. A\u015fa\u011f\u0131daki risklerden bir veya daha fazlas\u0131 size uyuyorsa, d\u00fczenli di\u015f kontrolleri \u00f6zellikle \u00f6nemlidir.<\/span><\/p>\n<ul>\n<li style=\"font-weight: 400;\" aria-level=\"1\"><span style=\"font-weight: 400;\">D\u00fczensiz f\u0131r\u00e7alama ve di\u015f ipi kullan\u0131m\u0131 ya da \u00e7apra\u015f\u0131k di\u015fler, k\u00f6pr\u00fcler veya implant \u00e7evresini temizlemede zorluk<\/span><\/li>\n<li style=\"font-weight: 400;\" aria-level=\"1\"><span style=\"font-weight: 400;\">Sigara veya nikotin i\u00e7eren elektronik sigara kullan\u0131m\u0131<\/span><\/li>\n<li style=\"font-weight: 400;\" aria-level=\"1\"><span style=\"font-weight: 400;\">Kontrols\u00fcz diyabet veya ba\u011f\u0131\u015f\u0131kl\u0131k sistemini etkileyen di\u011fer durumlar<\/span><\/li>\n<li style=\"font-weight: 400;\" aria-level=\"1\"><span style=\"font-weight: 400;\">Ailede di\u015f eti hastal\u0131\u011f\u0131 \u00f6yk\u00fcs\u00fc<\/span><\/li>\n<li style=\"font-weight: 400;\" aria-level=\"1\"><span style=\"font-weight: 400;\">Rutin <a href=\"https:\/\/lygosdental.com\/tr\/dislerinizi-nasil-fircalamalisiniz\/\">di\u015f temizli\u011fi<\/a> ve kontrollerinin atlanmas\u0131<\/span><\/li>\n<li style=\"font-weight: 400;\" aria-level=\"1\"><span style=\"font-weight: 400;\">Ba\u011f\u0131\u015f\u0131kl\u0131\u011f\u0131 ve al\u0131\u015fkanl\u0131klar\u0131 etkileyen y\u00fcksek stres ve k\u00f6t\u00fc uyku<\/span><\/li>\n<li style=\"font-weight: 400;\" aria-level=\"1\"><span style=\"font-weight: 400;\">C vitamini ve protein gibi temel besin maddelerinden yoksun bir diyet<\/span><\/li>\n<\/ul>\n<h2><b>Kronik Periodontitis Belirtileri<\/b><\/h2>\n<p><span style=\"font-weight: 400;\">Erken evrelerde belirtiler hafif olabilir. Bir\u00e7ok ki\u015fi \u00f6nce di\u015f f\u0131r\u00e7alarken kanama ya da s\u00fcrekli k\u00f6t\u00fc nefes fark eder, a\u011fr\u0131 de\u011fil.<\/span><\/p>\n<ul>\n<li style=\"font-weight: 400;\" aria-level=\"1\"><span style=\"font-weight: 400;\">K\u0131zar\u0131k, hassas veya \u015fi\u015f di\u015f etleri<\/span><\/li>\n<li style=\"font-weight: 400;\" aria-level=\"1\"><span style=\"font-weight: 400;\">F\u0131r\u00e7alama, di\u015f ipi kullanma veya yemek yerken kanama<\/span><\/li>\n<li style=\"font-weight: 400;\" aria-level=\"1\"><span style=\"font-weight: 400;\"><a href=\"https:\/\/lygosdental.com\/tr\/dis-eti-cekilmesi-lygos-dental\/\">Di\u015f eti \u00e7ekilmesi<\/a> veya di\u015flerin \u201cuzam\u0131\u015f\u201d g\u00f6r\u00fcnmesi<\/span><\/li>\n<li style=\"font-weight: 400;\" aria-level=\"1\"><span style=\"font-weight: 400;\">S\u00fcrekli <a href=\"https:\/\/lygosdental.com\/tr\/kotu-nefesi-kalici-olarak-ortadan-kaldirmanin-yollari\/\">k\u00f6t\u00fc a\u011f\u0131z kokusu<\/a> veya k\u00f6t\u00fc tat<\/span><\/li>\n<li style=\"font-weight: 400;\" aria-level=\"1\"><span style=\"font-weight: 400;\">Gev\u015fek, yer de\u011fi\u015ftiren veya ayr\u0131lan di\u015fler<\/span><\/li>\n<li style=\"font-weight: 400;\" aria-level=\"1\"><span style=\"font-weight: 400;\">\u00c7i\u011fnerken hassasiyet veya rahats\u0131zl\u0131k<\/span><\/li>\n<li style=\"font-weight: 400;\" aria-level=\"1\"><span style=\"font-weight: 400;\">\u0130rin, apseler veya di\u015flerin kapan\u0131\u015f\u0131nda de\u011fi\u015fiklik<\/span><\/li>\n<\/ul>\n<h2><b>Di\u015f Hekimleri Nas\u0131l Te\u015fhis Koyar?<\/b><\/h2>\n<p><img loading=\"lazy\" decoding=\"async\" src=\"https:\/\/lygosdental.com\/\/wp-content\/uploads\/2025\/07\/Pediatric-Dentis-33.webp\" sizes=\"auto, (max-width: 800px) 100vw, 800px\" srcset=\"https:\/\/lygosdental.com\/\/wp-content\/uploads\/2025\/07\/Pediatric-Dentis-33.webp 800w, https:\/\/lygosdental.com\/\/wp-content\/uploads\/2025\/07\/Pediatric-Dentis-33-300x248.webp 300w, https:\/\/lygosdental.com\/\/wp-content\/uploads\/2025\/07\/Pediatric-Dentis-33-768x634.webp 768w\" alt=\"Treatment Methods for Chronic Periodontitis\" width=\"800\" height=\"660\" title=\"\"><\/p>\n<p><span style=\"font-weight: 400;\">Te\u015fhis, klinik muayene ve her di\u015f etraf\u0131ndaki \u00f6l\u00e7\u00fcmlere dayan\u0131r. <a href=\"https:\/\/lygosdental.com\/tr\/turkiyedeki-en-iyi-dis-klinikleri\/\">Di\u015f hekimleri<\/a> genellikle k\u00fc\u00e7\u00fck bir prob kullanarak cep derinli\u011fini ve kanamay\u0131 \u00f6l\u00e7er, ayr\u0131ca kemik kayb\u0131n\u0131 de\u011ferlendirmek i\u00e7in r\u00f6ntgen \u00e7eker. Sonu\u00e7lar hastal\u0131\u011f\u0131n \u015fiddetini belirlemeye ve tedavi plan\u0131 olu\u015fturmaya yard\u0131mc\u0131 olur.<\/span><\/p>\n<h2><b>Tedavi Se\u00e7enekleri<\/b><\/h2>\n<p><span style=\"font-weight: 400;\">Tedavi, enfeksiyonu kontrol etmeyi, iltihab\u0131 azaltmay\u0131 ve destek dokular\u0131 stabilize etmeyi ama\u00e7lar. Uygun yakla\u015f\u0131m, hastal\u0131\u011f\u0131n ne kadar ilerledi\u011fine ve evde b\u00f6lgeyi ne kadar iyi temizleyebilece\u011finize ba\u011fl\u0131d\u0131r.<\/span><\/p>\n<h3><b>Cerrahi Olmayan Tedavi<\/b><\/h3>\n<p><span style=\"font-weight: 400;\">\u00c7o\u011fu durumda profesyonel derin temizlikle ba\u015flan\u0131r, bu i\u015fleme genellikle k\u00f6k y\u00fczey d\u00fczle\u015ftirme denir. Bu i\u015flemle di\u015f eti \u00e7izgisinin \u00fcst\u00fc ve alt\u0131ndaki plak ve tartar temizlenir, k\u00f6k y\u00fczeyleri p\u00fcr\u00fczs\u00fczle\u015ftirilir. Di\u015f hekiminiz cep derinli\u011fi ve iltihaba g\u00f6re antiseptik gargaralar veya lokal ila\u00e7lar \u00f6nerebilir.<\/span><\/p>\n<h3><b>Antibiyotikler<\/b><\/h3>\n<p><span style=\"font-weight: 400;\">Baz\u0131 durumlarda antibiyotikler bakterileri azaltmak i\u00e7in kullan\u0131labilir; ya ceplere yerle\u015ftirilen lokal jeller ya da tabletler \u015feklinde. Genellikle derin temizlik i\u015fleminin yerine de\u011fil, tamamlay\u0131c\u0131s\u0131 olarak verilir.<\/span><\/p>\n<h3><b>Cerrahi Tedavi<\/b><\/h3>\n<p><span style=\"font-weight: 400;\">Cepler derinse veya kemik kayb\u0131 fazlaysa cerrahi \u00f6nerilebilir. Uygulamalar aras\u0131nda derin b\u00f6lgeleri temizlemek i\u00e7in flep cerrahisi, kemik grefti veya y\u00f6nlendirilmi\u015f doku rejenerasyonu gibi iyile\u015fmeyi destekleyen y\u00f6ntemler olabilir.<\/span><\/p>\n<h3><b>Lazer Tedavisi<\/b><\/h3>\n<p><span style=\"font-weight: 400;\">Baz\u0131 klinikler periodontal tedavide lazer destekli tedaviler uygular. Ama\u00e7, bakterileri ve iltihapl\u0131 dokuyu minimal invaziv bir \u015fekilde azaltmakt\u0131r. Uygunluk duruma ve mevcut ekipmana ba\u011fl\u0131d\u0131r.<\/span><\/p>\n<h3><b>Bak\u0131m ve Takip<\/b><\/h3>\n<p><span style=\"font-weight: 400;\">Uzun vadeli ba\u015far\u0131, d\u00fczenli bak\u0131ma ba\u011fl\u0131d\u0131r. Aktif tedavi sonras\u0131nda di\u015f hekiminiz veya periodontistiniz genellikle size \u00f6zel bir aral\u0131kta bak\u0131m ziyaretleri ve n\u00fcks\u00fc \u00f6nlemek i\u00e7in evde bak\u0131m rutini \u00f6nerecektir.<\/span><\/p>\n<h2><b>Sonras\u0131 Bak\u0131m ve Korunma<\/b><\/h2>\n<p><span style=\"font-weight: 400;\">Kronik periodontitis genellikle bir gecede \u201ciyile\u015fen\u201d bir hastal\u0131k de\u011fil, kontrol alt\u0131nda tutulan bir durumdur. Bu al\u0131\u015fkanl\u0131klar di\u015f etlerini korumaya ve n\u00fcks riskini azaltmaya yard\u0131mc\u0131 olur.<\/span><\/p>\n<ul>\n<li style=\"font-weight: 400;\" aria-level=\"1\"><b>G\u00fcnde iki kez f\u0131r\u00e7alay\u0131n: <\/b><span style=\"font-weight: 400;\">Yumu\u015fak bir f\u0131r\u00e7a kullan\u0131n ve di\u015f eti \u00e7izgisine odaklan\u0131n.<\/span><\/li>\n<li style=\"font-weight: 400;\" aria-level=\"1\"><b>G\u00fcnde bir kez di\u015f aralar\u0131n\u0131 temizleyin: <\/b><span style=\"font-weight: 400;\">Di\u015f ipi, ara y\u00fcz f\u0131r\u00e7as\u0131 veya a\u011f\u0131z du\u015flar\u0131 aral\u0131klara ve protez durumuna g\u00f6re yard\u0131mc\u0131 olabilir.<\/span><\/li>\n<li style=\"font-weight: 400;\" aria-level=\"1\"><b>Sigaray\u0131 b\u0131rak\u0131n: <\/b><span style=\"font-weight: 400;\">B\u0131rakmak kan ak\u0131\u015f\u0131n\u0131 ve iyile\u015fme s\u00fcrecini iyile\u015ftirir.<\/span><\/li>\n<li style=\"font-weight: 400;\" aria-level=\"1\"><b>Sa\u011fl\u0131k durumlar\u0131n\u0131 y\u00f6netin: <\/b><span style=\"font-weight: 400;\">\u0130yi diyabet kontrol\u00fc, daha iyi di\u015f eti sonu\u00e7lar\u0131yla do\u011frudan ili\u015fkilidir.<\/span><\/li>\n<li style=\"font-weight: 400;\" aria-level=\"1\"><b>Bak\u0131m ziyaretlerini aksatmay\u0131n: <\/b><span style=\"font-weight: 400;\">Profesyonel takip, n\u00fcks\u00fc erken fark eder.<\/span><\/li>\n<\/ul>\n<h2><b>S\u0131k\u00e7a Sorulan Sorular<\/b><\/h2>\n<h3><b>Kronik periodontitis tamamen iyile\u015fir mi?<\/b><\/h3>\n<p><span style=\"font-weight: 400;\">Bu uzun vadeli bir durumdur, bu nedenle odak noktas\u0131 genellikle ilerlemeyi durdurmak ve hastal\u0131\u011f\u0131 stabil tutmakt\u0131r. Erken m\u00fcdahale, profesyonel tedavi ve s\u00fcrekli bak\u0131m ile bir\u00e7ok ki\u015fi y\u0131llarca di\u015f ve di\u015f eti sa\u011fl\u0131\u011f\u0131n\u0131 koruyabilir.<\/span><\/p>\n<h3><b>Tedavi ne kadar s\u00fcrer?<\/b><\/h3>\n<p><span style=\"font-weight: 400;\">Hafif vakalar birka\u00e7 ziyarette iyile\u015febilirken, orta ve ileri d\u00fczey hastal\u0131k birka\u00e7 randevu ve s\u00fcrekli takip gerektirebilir. Cerrahi gerekiyorsa iyile\u015fme ve yeniden de\u011ferlendirme s\u00fcreci zaman alabilir.<\/span><\/p>\n<h3><b>Periodontitis di\u015f kayb\u0131na yol a\u00e7ar m\u0131?<\/b><\/h3>\n<p><span style=\"font-weight: 400;\">Evet. Kemik deste\u011fi azald\u0131k\u00e7a di\u015fler gev\u015feyebilir ve sonunda \u00e7ekilmesi gerekebilir. Erken tedavi bu riski \u00f6nemli \u00f6l\u00e7\u00fcde azalt\u0131r.<\/span><\/p>\n<h3><b>Kronik periodontitis bula\u015f\u0131c\u0131 m\u0131d\u0131r?<\/b><\/h3>\n<p><span style=\"font-weight: 400;\">Hastal\u0131k grip gibi do\u011frudan bula\u015fmaz, ancak ilgili bakteriler t\u00fck\u00fcr\u00fck yoluyla payla\u015f\u0131labilir. Evde hijyenin iyi tutulmas\u0131 ve di\u015f f\u0131r\u00e7alar\u0131n\u0131n payla\u015f\u0131lmamas\u0131 mant\u0131kl\u0131 \u00f6nlemlerdir.<\/span><\/p>\n<p><span style=\"font-weight: 400;\">Di\u015f etlerinizde kanama, \u015fi\u015flik veya s\u00fcrekli k\u00f6t\u00fc nefes fark ediyorsan\u0131z bir di\u015f muayenesi i\u00e7in randevu al\u0131n. Erken m\u00fcdahale genellikle daha basit ve uygun maliyetlidir, ayr\u0131ca di\u015f ve kemik deste\u011fini uzun vadede korur.<\/span><\/p>\n","protected":false},"excerpt":{"rendered":"<p>Bu hastal\u0131klar aras\u0131nda en yayg\u0131n ve ilerleyici olanlardan biri kronik periodontittir. Bu hastal\u0131k sessizce ilerler ve tedavi edilmezse&#8230;<\/p>\n","protected":false},"author":7,"featured_media":48486,"comment_status":"open","ping_status":"open","sticky":false,"template":"","format":"standard","meta":{"_acf_changed":false,"footnotes":""},"categories":[288,304],"tags":[745],"class_list":["post-1733","post","type-post","status-publish","format-standard","has-post-thumbnail","hentry","category-blog","category-dental-implant","tag-kronik-periodontitis"],"acf":[],"_links":{"self":[{"href":"https:\/\/lygosdental.com\/tr\/wp-json\/wp\/v2\/posts\/1733","targetHints":{"allow":["GET"]}}],"collection":[{"href":"https:\/\/lygosdental.com\/tr\/wp-json\/wp\/v2\/posts"}],"about":[{"href":"https:\/\/lygosdental.com\/tr\/wp-json\/wp\/v2\/types\/post"}],"author":[{"embeddable":true,"href":"https:\/\/lygosdental.com\/tr\/wp-json\/wp\/v2\/users\/7"}],"replies":[{"embeddable":true,"href":"https:\/\/lygosdental.com\/tr\/wp-json\/wp\/v2\/comments?post=1733"}],"version-history":[{"count":1,"href":"https:\/\/lygosdental.com\/tr\/wp-json\/wp\/v2\/posts\/1733\/revisions"}],"predecessor-version":[{"id":45210,"href":"https:\/\/lygosdental.com\/tr\/wp-json\/wp\/v2\/posts\/1733\/revisions\/45210"}],"wp:featuredmedia":[{"embeddable":true,"href":"https:\/\/lygosdental.com\/tr\/wp-json\/wp\/v2\/media\/48486"}],"wp:attachment":[{"href":"https:\/\/lygosdental.com\/tr\/wp-json\/wp\/v2\/media?parent=1733"}],"wp:term":[{"taxonomy":"category","embeddable":true,"href":"https:\/\/lygosdental.com\/tr\/wp-json\/wp\/v2\/categories?post=1733"},{"taxonomy":"post_tag","embeddable":true,"href":"https:\/\/lygosdental.com\/tr\/wp-json\/wp\/v2\/tags?post=1733"}],"curies":[{"name":"wp","href":"https:\/\/api.w.org\/{rel}","templated":true}]}}