{"id":1266,"date":"2025-08-02T11:43:13","date_gmt":"2025-08-02T11:43:13","guid":{"rendered":"https:\/\/lygosdental.com\/cocuklarda-kalici-disler-ne-zaman-cikar\/"},"modified":"2026-03-16T06:49:31","modified_gmt":"2026-03-16T06:49:31","slug":"cocuklarda-kalici-disler-ne-zaman-cikar","status":"publish","type":"post","link":"https:\/\/lygosdental.com\/tr\/cocuklarda-kalici-disler-ne-zaman-cikar\/","title":{"rendered":"\u00c7ocuklarda Kal\u0131c\u0131 Di\u015fler Ne Zaman \u00c7\u0131kar?"},"content":{"rendered":"\n<h2 class=\"wp-block-heading\" id=\"cocuklarda-kalici-disler-ne-zaman-cikar\"><b>\u00c7ocuklarda Kal\u0131c\u0131 Di\u015fler Ne Zaman \u00c7\u0131kar?<\/b><\/h2>\n\n\n\n<p><span style=\"font-weight: 400;\">\u00c7o\u011fu \u00e7ocuk yakla\u015f\u0131k 6 ya\u015f\u0131nda kal\u0131c\u0131 (yeti\u015fkin) di\u015flerini \u00e7\u0131karmaya ba\u015flar; genellikle ilk \u00e7\u0131kanlar birinci az\u0131 di\u015fleri ve alt \u00f6n di\u015flerdir. Di\u015f s\u00fcrmesi erken ergenlik d\u00f6nemine kadar devam eder ve \u00e7o\u011fu kal\u0131c\u0131 di\u015f 12\u201313 ya\u015f\u0131na kadar yerini al\u0131r. \u00dc\u00e7\u00fcnc\u00fc az\u0131 di\u015fleri (yirmilik di\u015fler) daha sonra, genellikle 17\u201325 ya\u015flar\u0131 aras\u0131nda \u00e7\u0131kabilir.<\/span><\/p>\n\n\n\n<div class=\"wp-block-rank-math-toc-block\" id=\"rank-math-toc\"><h2>\u0130\u00e7indekiler<\/h2><nav><ul><li class=\"\"><a href=\"#cocuklarda-kalici-disler-ne-zaman-cikar\">\u00c7ocuklarda Kal\u0131c\u0131 Di\u015fler Ne Zaman \u00c7\u0131kar?<\/a><\/li><li class=\"\"><a href=\"#sut-dislerinin-dokulme-zaman-cizelgesi\">S\u00fct Di\u015flerinin D\u00f6k\u00fclme Zaman \u00c7izelgesi<\/a><\/li><li class=\"\"><a href=\"#kalici-disler-ne-zaman-cikmaya-baslar\">Kal\u0131c\u0131 Di\u015fler Ne Zaman \u00c7\u0131kmaya Ba\u015flar?<\/a><\/li><li class=\"\"><a href=\"#kalici-dislerin-cikis-sirasi\">Kal\u0131c\u0131 Di\u015flerin \u00c7\u0131k\u0131\u015f S\u0131ras\u0131<\/a><\/li><li class=\"\"><a href=\"#6-yas-disleri-nedir-ve-neden-onemlidir\">6 Ya\u015f Di\u015fleri Nedir ve Neden \u00d6nemlidir?<\/a><\/li><li class=\"\"><a href=\"#kalici-disler-erken-veya-gec-cikarsa-ne-olur\">Kal\u0131c\u0131 Di\u015fler Erken veya Ge\u00e7 \u00c7\u0131karsa Ne Olur?<\/a><\/li><li class=\"\"><a href=\"#yeni-cikan-kalici-disler-nasil-korunur\">Yeni \u00c7\u0131kan Kal\u0131c\u0131 Di\u015fler Nas\u0131l Korunur?<\/a><\/li><li class=\"\"><a href=\"#sss\">SSS<\/a><ul><li class=\"\"><a href=\"#faq-question-1772260782887\">Kal\u0131c\u0131 di\u015fler genellikle ne zaman s\u00fcrmeye ba\u015flar?<\/a><\/li><li class=\"\"><a href=\"#faq-question-1772260783454\">7 ya\u015f\u0131nda s\u00fcren di\u015f var m\u0131?<\/a><\/li><li class=\"\"><a href=\"#faq-question-1772260783666\">Hangi vitaminler di\u015flerin b\u00fcy\u00fcmesine yard\u0131mc\u0131 olur?<\/a><\/li><\/ul><\/li><\/ul><\/nav><\/div>\n\n\n\n<h2 class=\"wp-block-heading\" id=\"sut-dislerinin-dokulme-zaman-cizelgesi\"><b>S\u00fct Di\u015flerinin D\u00f6k\u00fclme Zaman \u00c7izelgesi<\/b><\/h2>\n\n\n\n<figure class=\"wp-block-image\"><img decoding=\"async\" src=\"https:\/\/lygosdental.com\/\/wp-content\/uploads\/2025\/08\/Pediatric-Dentis-35.webp\" alt=\"S\u00fct Di\u015fleri Ne Zaman D\u00fc\u015fer?\" title=\"\"><\/figure>\n\n\n\n<p><\/p>\n\n\n\n<p><span style=\"font-weight: 400;\"><a href=\"https:\/\/lygosdental.com\/tr\/cocuklar-icin-dis-bakimi\/\">S\u00fct di\u015fleri<\/a> \u00e7i\u011fneme, konu\u015fma ve \u00e7ene geli\u015fimine yard\u0131mc\u0131 olur ve ard\u0131ndan gelecek kal\u0131c\u0131 di\u015fler i\u00e7in yer tutar. \u00c7o\u011fu \u00e7ocuk yakla\u015f\u0131k 6 ya\u015f\u0131nda s\u00fct di\u015flerini kaybetmeye ba\u015flar, ancak bu biraz daha erken veya ge\u00e7 olabilir. Bu d\u00f6neme kar\u0131\u015f\u0131k di\u015flenme evresi denir \u00e7\u00fcnk\u00fc hem s\u00fct hem de kal\u0131c\u0131 di\u015fler a\u011f\u0131zda bulunur.<\/span><\/p>\n\n\n\n<h2 class=\"wp-block-heading\" id=\"kalici-disler-ne-zaman-cikmaya-baslar\"><b>Kal\u0131c\u0131 Di\u015fler Ne Zaman \u00c7\u0131kmaya Ba\u015flar?<\/b><\/h2>\n\n\n\n<p><span style=\"font-weight: 400;\">Kal\u0131c\u0131 di\u015fler genellikle 5 ila 7 ya\u015flar\u0131 aras\u0131nda \u00e7\u0131kmaya ba\u015flar; en yayg\u0131n ba\u015flang\u0131\u00e7 ya\u015f\u0131 6\u2019d\u0131r. \u0130lk fark edilen di\u015fler genellikle birinci kal\u0131c\u0131 az\u0131 di\u015fleri (s\u0131kl\u0131kla \u201c6 ya\u015f di\u015fleri\u201d olarak adland\u0131r\u0131l\u0131r) ve alt orta kesici di\u015flerdir. Zamanlama \u00e7ocu\u011fa g\u00f6re de\u011fi\u015fir ve genetik, genel b\u00fcy\u00fcme ve a\u011f\u0131z sa\u011fl\u0131\u011f\u0131 gibi fakt\u00f6rlerden etkilenebilir.<\/span><\/p>\n\n\n\n<h2 class=\"wp-block-heading\" id=\"kalici-dislerin-cikis-sirasi\"><b>Kal\u0131c\u0131 Di\u015flerin \u00c7\u0131k\u0131\u015f S\u0131ras\u0131<\/b><\/h2>\n\n\n\n<figure class=\"wp-block-image\"><img decoding=\"async\" src=\"https:\/\/lygosdental.com\/\/wp-content\/uploads\/2025\/08\/Pediatric-Dentis-36-768x634.webp\" alt=\"Kal\u0131c\u0131 Di\u015flerin \u00c7\u0131k\u0131\u015f S\u0131ras\u0131\" title=\"\"><\/figure>\n\n\n\n<p><\/p>\n\n\n\n<p><span style=\"font-weight: 400;\">\u00c7ocuklar tam olarak ayn\u0131 takvimi izlemez, ancak s\u0131ralama genellikle benzerdir. A\u015fa\u011f\u0131da, di\u015flerin \u00e7\u0131kma ya\u015f aral\u0131klar\u0131 (\u00fcst ve alt \u00e7eneler farkl\u0131l\u0131k g\u00f6sterebilir) yer almaktad\u0131r:<\/span><\/p>\n\n\n\n<ul class=\"wp-block-list\">\n<li><span style=\"font-weight: 400;\">Birinci kal\u0131c\u0131 az\u0131 di\u015fleri (6 ya\u015f az\u0131 di\u015fleri): 6\u20137 ya\u015f<\/span><\/li>\n\n\n\n<li><span style=\"font-weight: 400;\">Alt orta kesici di\u015fler: 6\u20137 ya\u015f<\/span><\/li>\n\n\n\n<li><span style=\"font-weight: 400;\">\u00dcst orta kesici di\u015fler: 7\u20138 ya\u015f<\/span><\/li>\n\n\n\n<li><span style=\"font-weight: 400;\">Yan kesici di\u015fler: 7\u20139 ya\u015f<\/span><\/li>\n\n\n\n<li><span style=\"font-weight: 400;\">Birinci k\u00fc\u00e7\u00fck az\u0131 di\u015fleri (bik\u00fcspitler): 9\u201312 ya\u015f<\/span><\/li>\n\n\n\n<li><span style=\"font-weight: 400;\">K\u00f6pek di\u015fleri (kuspitler): 9\u201312 ya\u015f<\/span><\/li>\n\n\n\n<li><span style=\"font-weight: 400;\">\u0130kinci k\u00fc\u00e7\u00fck az\u0131 di\u015fleri: 10\u201312 ya\u015f<\/span><\/li>\n\n\n\n<li><span style=\"font-weight: 400;\">\u0130kinci az\u0131 di\u015fleri: 11\u201313 ya\u015f<\/span><\/li>\n\n\n\n<li><span style=\"font-weight: 400;\">\u00dc\u00e7\u00fcnc\u00fc az\u0131 di\u015fleri (yirmilik di\u015fler): 17\u201325 ya\u015f (geni\u015f de\u011fi\u015fkenlik g\u00f6sterir)<\/span><\/li>\n<\/ul>\n\n\n\n<p><span style=\"font-weight: 400;\">\u00c7ocu\u011funuzda s\u0131ra farkl\u0131ysa, bu mutlaka bir sorun oldu\u011fu anlam\u0131na gelmez. <a href=\"https:\/\/lygosdental.com\/tr\/turkiyedeki-en-iyi-dis-klinikleri\/\">Di\u015f hekimleri<\/a> genellikle \u00e7apra\u015f\u0131kl\u0131k, \u201ctak\u0131l\u0131 kalm\u0131\u015f\u201d di\u015fler veya sa\u011f ve sol taraftaki di\u015fler aras\u0131nda b\u00fcy\u00fck gecikmeler gibi \u00f6r\u00fcnt\u00fclere odaklan\u0131r.<\/span><\/p>\n\n\n\n<h2 class=\"wp-block-heading\" id=\"6-yas-disleri-nedir-ve-neden-onemlidir\"><b>6 Ya\u015f Di\u015fleri Nedir ve Neden \u00d6nemlidir?<\/b><\/h2>\n\n\n\n<p><span style=\"font-weight: 400;\">6 ya\u015f di\u015fleri, \u00e7\u0131kan ilk kal\u0131c\u0131 az\u0131 di\u015fleridir ve herhangi bir s\u00fct di\u015finin yerini almazlar. S\u00fct az\u0131 di\u015flerinin arkas\u0131ndan geldikleri i\u00e7in \u201cyeni s\u00fct di\u015fi\u201d san\u0131labilirler. Erken \u00e7\u0131kmalar\u0131 ve derin oluklara sahip olmalar\u0131 nedeniyle, <a href=\"https:\/\/lygosdental.com\/tr\/cocuklariniza-dis-fircalamayi-nasil-ogretirsiniz\/\">f\u0131r\u00e7alama<\/a> d\u00fczenli olmad\u0131\u011f\u0131nda \u00e7\u00fcr\u00fck riski daha y\u00fcksektir.<\/span><\/p>\n\n\n\n<p><span style=\"font-weight: 400;\">Bu di\u015fler tamamen \u00e7\u0131kt\u0131ktan sonra fiss\u00fcr \u00f6rt\u00fcc\u00fcler (sealant) uygulanmas\u0131n\u0131n uygun olup olmad\u0131\u011f\u0131n\u0131 di\u015f hekiminize sorun. \u00d6zellikle \u00e7\u00fcr\u00fc\u011fe yatk\u0131n \u00e7ocuklarda, bu koruyucu <a href=\"https:\/\/lygosdental.com\/tr\/connor-mcgregor-dis-kaplamalari-lygos-dental\/\">kaplamalar<\/a> \u00e7i\u011fneme y\u00fczeylerini \u00e7\u00fcr\u00fckten koruyabilir.<\/span><\/p>\n\n\n\n<h2 class=\"wp-block-heading\" id=\"kalici-disler-erken-veya-gec-cikarsa-ne-olur\"><b>Kal\u0131c\u0131 Di\u015fler Erken veya Ge\u00e7 \u00c7\u0131karsa Ne Olur?<\/b><\/h2>\n\n\n\n<p><span style=\"font-weight: 400;\">Birka\u00e7 ayl\u0131k fark genellikle normaldir. \u00c7ocu\u011funuz 7\u20138 ya\u015f\u0131ndaysa ve hen\u00fcz hi\u00e7bir s\u00fct di\u015fi d\u00f6k\u00fclmemi\u015fse ya da kal\u0131c\u0131 bir di\u015f g\u00f6r\u00fcnmesine ra\u011fmen di\u015f eti \u00fczerinden \u00e7\u0131kam\u0131yorsa, <a href=\"https:\/\/lygosdental.com\/tr\/dis-fircalamada-2-2-2-kurali-nedir\/\">di\u015f kontrol\u00fc<\/a> yapt\u0131rmak faydal\u0131 olabilir.<\/span><\/p>\n\n\n\n<p><span style=\"font-weight: 400;\">Ge\u00e7 \u00e7\u0131kma nedenleri aras\u0131nda yayg\u0131n olanlar \u015funlard\u0131r:<\/span><\/p>\n\n\n\n<ul class=\"wp-block-list\">\n<li><span style=\"font-weight: 400;\">\u00c7enede s\u0131n\u0131rl\u0131 alan veya \u00e7apra\u015f\u0131kl\u0131k<\/span><\/li>\n\n\n\n<li><span style=\"font-weight: 400;\">S\u00fct di\u015fi k\u00f6klerinin zaman\u0131nda erimemesi<\/span><\/li>\n\n\n\n<li><span style=\"font-weight: 400;\">Fazladan (s\u00fcpern\u00fcmerer) di\u015flerin s\u00fcrmeyi engellemesi<\/span><\/li>\n\n\n\n<li><span style=\"font-weight: 400;\">Di\u015flerin al\u0131\u015f\u0131lmad\u0131k bir pozisyonda geli\u015fmesi<\/span><\/li>\n\n\n\n<li><span style=\"font-weight: 400;\">Nadiren de olsa, b\u00fcy\u00fcmeyi etkileyen t\u0131bbi veya hormonal fakt\u00f6rler<\/span><\/li>\n<\/ul>\n\n\n\n<p><span style=\"font-weight: 400;\">Di\u015f hekiminiz, kal\u0131c\u0131 di\u015flerin varl\u0131\u011f\u0131n\u0131 ve konumunu kontrol etmek i\u00e7in muayene ve r\u00f6ntgen \u00f6nerebilir. Baz\u0131 durumlarda, s\u00fct di\u015finin al\u0131nmas\u0131 kal\u0131c\u0131 di\u015fin normal \u015fekilde \u00e7\u0131kmas\u0131na yard\u0131mc\u0131 olabilir.<\/span><\/p>\n\n\n\n<h2 class=\"wp-block-heading\" id=\"yeni-cikan-kalici-disler-nasil-korunur\"><b>Yeni \u00c7\u0131kan Kal\u0131c\u0131 Di\u015fler Nas\u0131l Korunur?<\/b><\/h2>\n\n\n\n<figure class=\"wp-block-image\"><img decoding=\"async\" src=\"https:\/\/lygosdental.com\/\/wp-content\/uploads\/2025\/08\/Pediatric-Dentis-37.webp\" alt=\"Kal\u0131c\u0131 Di\u015flerin Sa\u011fl\u0131kl\u0131 Geli\u015fimini Destekleme Yollar\u0131\" title=\"\"><\/figure>\n\n\n\n<p><\/p>\n\n\n\n<p><span style=\"font-weight: 400;\">Yeni \u00e7\u0131kan di\u015fler, \u00f6zellikle arka az\u0131lar, \u00e7ocuklar i\u00e7in temizlemesi daha zor olabilir. Kar\u0131\u015f\u0131k di\u015flenme d\u00f6neminde g\u00fc\u00e7l\u00fc g\u00fcnl\u00fck al\u0131\u015fkanl\u0131klar, uzun vadede b\u00fcy\u00fck fark yarat\u0131r.<\/span><\/p>\n\n\n\n<ul class=\"wp-block-list\">\n<li><span style=\"font-weight: 400;\">G\u00fcnde iki kez flor\u00fcrl\u00fc <a href=\"https:\/\/lygosdental.com\/tr\/puf-noktalari-dis-macununuzu-unuttunuz-simdi-ne-yapacaksiniz\/\">di\u015f macunu<\/a> ile <a href=\"https:\/\/lygosdental.com\/tr\/3-3-3-ile-dis-fircalama-lygos-dental\/\">di\u015f f\u0131r\u00e7alama<\/a> (etkili f\u0131r\u00e7alayana kadar bir ebeveynin g\u00f6zetiminde olmal\u0131d\u0131r).<\/span><\/li>\n\n\n\n<li><span style=\"font-weight: 400;\">Di\u015fler birbirine temas etti\u011finde, \u00f6zellikle az\u0131 di\u015fleri aras\u0131nda, her g\u00fcn di\u015f ipi kullan\u0131m\u0131.<\/span><\/li>\n\n\n\n<li><span style=\"font-weight: 400;\">Yemek aralar\u0131nda s\u0131k s\u0131k \u015fekerli at\u0131\u015ft\u0131rmal\u0131klar ve i\u00e7ecekleri s\u0131n\u0131rlamak.<\/span><\/li>\n\n\n\n<li><span style=\"font-weight: 400;\">D\u00fczenli di\u015f hekimi ziyaretlerini s\u00fcrd\u00fcrmek; di\u015f s\u00fcrmesi, aral\u0131klar ve \u0131s\u0131r\u0131k geli\u015fimi takip edilebilir.<\/span><\/li>\n\n\n\n<li><span style=\"font-weight: 400;\">Di\u015f hekiminiz \u00f6nerirse flor\u00fcr verni\u011fi ve fiss\u00fcr \u00f6rt\u00fcc\u00fcleri de\u011ferlendirmek.<\/span><\/li>\n<\/ul>\n\n\n\n<h2 class=\"wp-block-heading\" id=\"sss\"><b>SSS<\/b><\/h2>\n\n\n<div id=\"rank-math-faq\" class=\"rank-math-block\">\n<div class=\"rank-math-list \">\n<div id=\"faq-question-1772260782887\" class=\"rank-math-list-item\">\n<h3 class=\"rank-math-question \">Kal\u0131c\u0131 di\u015fler genellikle ne zaman s\u00fcrmeye ba\u015flar?<\/h3>\n<div class=\"rank-math-answer \">\n\n<p>Genellikle 6 ya\u015f civar\u0131nda ilk b\u00fcy\u00fck az\u0131lar ve alt kesiciler s\u00fcrer.<\/p>\n\n<\/div>\n<\/div>\n<div id=\"faq-question-1772260783454\" class=\"rank-math-list-item\">\n<h3 class=\"rank-math-question \">7 ya\u015f\u0131nda s\u00fcren di\u015f var m\u0131?<\/h3>\n<div class=\"rank-math-answer \">\n\n<p>Evet; kal\u0131c\u0131 yan kesiciler genellikle 7\u20138 ya\u015fta s\u00fcrer.<\/p>\n\n<\/div>\n<\/div>\n<div id=\"faq-question-1772260783666\" class=\"rank-math-list-item\">\n<h3 class=\"rank-math-question \">Hangi vitaminler di\u015flerin b\u00fcy\u00fcmesine yard\u0131mc\u0131 olur?<\/h3>\n<div class=\"rank-math-answer \">\n\n<p>Yeti\u015fkin di\u015fleri vitaminle b\u00fcy\u00fcmez; D ve A vitamini di\u015f geli\u015fimini destekler.<\/p>\n\n<\/div>\n<\/div>\n<\/div>\n<\/div>","protected":false},"excerpt":{"rendered":"<p>\u00c7ocuklarda kal\u0131c\u0131 di\u015fler genellikle 6-7 ya\u015flar\u0131 aras\u0131nda \u00e7\u0131kmaya ba\u015flar.<\/p>\n","protected":false},"author":7,"featured_media":47074,"comment_status":"open","ping_status":"open","sticky":false,"template":"","format":"standard","meta":{"_acf_changed":false,"footnotes":""},"categories":[288,304],"tags":[431],"class_list":["post-1266","post","type-post","status-publish","format-standard","has-post-thumbnail","hentry","category-blog","category-dental-implant","tag-cocuklarda-kalici-disler-ne-zaman-cikar"],"acf":[],"_links":{"self":[{"href":"https:\/\/lygosdental.com\/tr\/wp-json\/wp\/v2\/posts\/1266","targetHints":{"allow":["GET"]}}],"collection":[{"href":"https:\/\/lygosdental.com\/tr\/wp-json\/wp\/v2\/posts"}],"about":[{"href":"https:\/\/lygosdental.com\/tr\/wp-json\/wp\/v2\/types\/post"}],"author":[{"embeddable":true,"href":"https:\/\/lygosdental.com\/tr\/wp-json\/wp\/v2\/users\/7"}],"replies":[{"embeddable":true,"href":"https:\/\/lygosdental.com\/tr\/wp-json\/wp\/v2\/comments?post=1266"}],"version-history":[{"count":1,"href":"https:\/\/lygosdental.com\/tr\/wp-json\/wp\/v2\/posts\/1266\/revisions"}],"predecessor-version":[{"id":5786,"href":"https:\/\/lygosdental.com\/tr\/wp-json\/wp\/v2\/posts\/1266\/revisions\/5786"}],"wp:featuredmedia":[{"embeddable":true,"href":"https:\/\/lygosdental.com\/tr\/wp-json\/wp\/v2\/media\/47074"}],"wp:attachment":[{"href":"https:\/\/lygosdental.com\/tr\/wp-json\/wp\/v2\/media?parent=1266"}],"wp:term":[{"taxonomy":"category","embeddable":true,"href":"https:\/\/lygosdental.com\/tr\/wp-json\/wp\/v2\/categories?post=1266"},{"taxonomy":"post_tag","embeddable":true,"href":"https:\/\/lygosdental.com\/tr\/wp-json\/wp\/v2\/tags?post=1266"}],"curies":[{"name":"wp","href":"https:\/\/api.w.org\/{rel}","templated":true}]}}