{"id":1093,"date":"2025-12-06T09:29:24","date_gmt":"2025-12-06T09:29:24","guid":{"rendered":"https:\/\/lygosdental.com\/7-4-kurali-nedir-ve-pediatrik-dis-hekimliginde-neden-onemlidir\/"},"modified":"2026-03-16T06:39:23","modified_gmt":"2026-03-16T06:39:23","slug":"7-4-kurali-nedir-ve-pediatrik-dis-hekimliginde-neden-onemlidir","status":"publish","type":"post","link":"https:\/\/lygosdental.com\/tr\/7-4-kurali-nedir-ve-pediatrik-dis-hekimliginde-neden-onemlidir\/","title":{"rendered":"7-4 Kural\u0131 nedir ve pediatrik di\u015f hekimli\u011finde neden \u00f6nemlidir?"},"content":{"rendered":"\n<h2 class=\"wp-block-heading\" id=\"pediatrik-dis-hekimliginde-7-4-kurali-nedir\"><b>Pediatrik Di\u015f Hekimli\u011finde 7\u20134 Kural\u0131 Nedir?<\/b><\/h2>\n\n\n\n<p><span style=\"font-weight: 400;\">7\u20134 kural\u0131, bebek di\u015fi \u00e7\u0131karmas\u0131n\u0131 tahmin etmek i\u00e7in h\u0131zl\u0131 bir y\u00f6ntemdir: bir\u00e7ok bebek ilk di\u015fini yakla\u015f\u0131k 7 ayl\u0131kken \u00e7\u0131kar\u0131r, ard\u0131ndan her d\u00f6rt ayda bir yakla\u015f\u0131k d\u00f6rt yeni di\u015f \u00e7\u0131kararak \u00e7o\u011fu \u00e7ocuk 2\u00bd\u20133 ya\u015f\u0131na geldi\u011finde 20 s\u00fct di\u015fine ula\u015f\u0131r. Bu bir rehberdir, te\u015fhis de\u011fildir. E\u011fer di\u015f \u00e7\u0131kmas\u0131 \u00e7ok gecikmi\u015f g\u00f6r\u00fcn\u00fcyorsa, di\u015f hekimi kontrol\u00fc yerinde olur.<\/span><\/p>\n\n\n\n<h2 class=\"wp-block-heading\" id=\"7-4-kurali-ne-anlama-gelir\"><b>7\u20134 Kural\u0131 Ne Anlama Gelir?<\/b><\/h2>\n\n\n\n<p><span style=\"font-weight: 400;\">Bu isim kafa kar\u0131\u015ft\u0131r\u0131c\u0131 olabilir \u00e7\u00fcnk\u00fc farkl\u0131 klinikler bunu biraz farkl\u0131 \u015fekillerde tan\u0131mlar. G\u00fcnl\u00fck pediatrik di\u015f hekimli\u011finde bu kural, erken <a href=\"https:\/\/lygosdental.com\/tr\/dis-cikarmayla-ilgili-yanlis-inanislar\/\">di\u015f \u00e7\u0131karma<\/a> i\u00e7in bir haf\u0131za yard\u0131m\u0131 olarak en iyi \u015fekilde anla\u015f\u0131l\u0131r: di\u015f \u00e7\u0131karma genellikle yedi ayl\u0131k civar\u0131nda ba\u015flar, ard\u0131ndan yeni di\u015fler \u00f6n\u00fcm\u00fczdeki birka\u00e7 y\u0131l i\u00e7inde \u201cpatlamalar\u201d h\u00e2linde \u00e7\u0131kma e\u011filimindedir.<\/span><\/p>\n\n\n\n<p><span style=\"font-weight: 400;\">Baz\u0131 ki\u015filer bu kural\u0131 \u201cher d\u00f6rt ayda d\u00f6rt di\u015f\u201d olarak \u00f6zetlerken, baz\u0131lar\u0131 bir \u00e7ocu\u011fun belirli bir ayda ka\u00e7 di\u015fi olabilece\u011fini tahmin etmek i\u00e7in basit bir \u00e7\u0131karma y\u00f6ntemi kullan\u0131r. Her iki durumda da ama\u00e7 ayn\u0131d\u0131r: ebeveynlerin kal\u0131plar\u0131 fark etmesine yard\u0131mc\u0131 olmak, di\u015fleri bilimsel bir hassasiyetle saymak de\u011fil.<\/span><\/p>\n\n\n\n<h2 class=\"wp-block-heading\" id=\"bu-kural-ne-anlama-gelmez\"><b>Bu Kural Ne Anlama Gelmez?<\/b><\/h2>\n\n\n\n<figure class=\"wp-block-image\"><img decoding=\"async\" src=\"https:\/\/lygosdental.com\/\/wp-content\/uploads\/2025\/12\/Why-Dental-Health-Matters-for-Children-768x512.webp\" alt=\"\u00c7ocuklar \u0130\u00e7in A\u011f\u0131z Sa\u011fl\u0131\u011f\u0131 Neden \u00d6nemlidir\" title=\"\"><\/figure>\n\n\n\n<div class=\"wp-block-rank-math-toc-block\" id=\"rank-math-toc\"><h2>\u0130\u00e7indekiler<\/h2><nav><ul><li class=\"\"><a href=\"#pediatrik-dis-hekimliginde-7-4-kurali-nedir\">Pediatrik Di\u015f Hekimli\u011finde 7\u20134 Kural\u0131 Nedir?<\/a><\/li><li class=\"\"><a href=\"#7-4-kurali-ne-anlama-gelir\">7\u20134 Kural\u0131 Ne Anlama Gelir?<\/a><\/li><li class=\"\"><a href=\"#bu-kural-ne-anlama-gelmez\">Bu Kural Ne Anlama Gelmez?<\/a><\/li><li class=\"\"><a href=\"#tipik-sut-disi-gelisim-asamalari\">Tipik S\u00fct Di\u015fi Geli\u015fim A\u015famalar\u0131<\/a><ul><li class=\"\"><a href=\"#7-4-kurali-neden-onemlidir\">7\u20134 Kural\u0131 Neden \u00d6nemlidir?<\/a><\/li><\/ul><\/li><li class=\"\"><a href=\"#cocuk-dis-hekimine-ne-zaman-gidilmeli\">\u00c7ocuk Di\u015f Hekimine Ne Zaman Gidilmeli?<\/a><\/li><li class=\"\"><a href=\"#cocugunuzun-dislerini-bastan-nasil-koruyabilirsiniz\">\u00c7ocu\u011funuzun Di\u015flerini Ba\u015ftan Nas\u0131l Koruyabilirsiniz?<\/a><ul><li class=\"\"><a href=\"#gunluk-temizlik\">G\u00fcnl\u00fck Temizlik<\/a><\/li><li class=\"\"><a href=\"#yiyecek-ve-icecekler\">Yiyecek ve \u0130\u00e7ecekler<\/a><\/li><li class=\"\"><a href=\"#duzenli-kontroller\">D\u00fczenli Kontroller<\/a><\/li><\/ul><\/li><li class=\"\"><a href=\"#sik-sorulan-sorular\">S\u0131k Sorulan Sorular<\/a><ul><li class=\"\"><a href=\"#faq-question-1771663587234\">Alveoler ark nedir?<\/a><\/li><li class=\"\"><a href=\"#faq-question-1771663612871\">Alveoler kemi\u011fin di\u015flerdeki i\u015flevi nedir?<\/a><\/li><li class=\"\"><a href=\"#faq-question-1771663617757\">Alveoler kretin birincil i\u015flevi nedir?<\/a><\/li><li class=\"\"><a href=\"#faq-question-1771663622048\">Alveoler \u00e7\u0131k\u0131nt\u0131n\u0131n i\u015flevi nedir?<\/a><\/li><li class=\"\"><a href=\"#faq-question-1771663627138\">Dentalde alveoler ne anlama gelir?<\/a><\/li><li class=\"\"><a href=\"#faq-question-1771663633382\">Alveoler kemik kaybedilince ne olur?<\/a><\/li><\/ul><\/li><\/ul><\/nav><\/div>\n\n\n\n<p><span style=\"font-weight: 400;\">7\u20134 kural\u0131, bir di\u015f \u00e7\u0131karma \u00e7izelgesinin yerini almaz ve bir di\u015fin tam olarak hangi s\u0131rayla ya da hangi ayda \u00e7\u0131kaca\u011f\u0131n\u0131 tahmin etmez. Sa\u011fl\u0131kl\u0131 \u00e7ocuklar di\u015f \u00e7\u0131karmada birka\u00e7 ay erken ya da ge\u00e7 olabilir. Bir di\u015f hekimi b\u00fcy\u00fcme, aile ge\u00e7mi\u015fi, beslenme, a\u011f\u0131z al\u0131\u015fkanl\u0131klar\u0131 ve di\u015f etlerinin sa\u011fl\u0131\u011f\u0131 gibi t\u00fcm tabloya bakar.<\/span><\/p>\n\n\n\n<h2 class=\"wp-block-heading\" id=\"tipik-sut-disi-gelisim-asamalari\"><b>Tipik S\u00fct Di\u015fi Geli\u015fim A\u015famalar\u0131<\/b><\/h2>\n\n\n\n<figure class=\"wp-block-image\"><img decoding=\"async\" src=\"https:\/\/lygosdental.com\/\/wp-content\/uploads\/2025\/12\/Early-Dental-Visits-and-the-7\u20134-Rule-768x512.webp\" alt=\"Erken Di\u015f Hekimi Ziyaretleri ve 7\u20134 Kural\u0131\" title=\"\"><\/figure>\n\n\n\n<p><\/p>\n\n\n\n<p><span style=\"font-weight: 400;\">\u00c7o\u011fu s\u00fct di\u015fi yakla\u015f\u0131k 6 ay ile 3 ya\u015f aras\u0131nda \u00e7\u0131kar. Pratik olmak a\u00e7\u0131s\u0131ndan bu geli\u015fim a\u015famalar\u0131 genellikle h\u0131zl\u0131 bir kontrol olarak kullan\u0131l\u0131r:<\/span><\/p>\n\n\n\n<ul class=\"wp-block-list\">\n<li><span style=\"font-weight: 400;\">Yakla\u015f\u0131k 6\u201310 ay: alt \u00f6n di\u015fler (merkez kesici di\u015fler) genellikle ilk \u00e7\u0131kanlard\u0131r.<\/span><\/li>\n\n\n\n<li><span style=\"font-weight: 400;\">Yakla\u015f\u0131k 8\u201313 ay: \u00fcst \u00f6n di\u015fler genellikle ard\u0131ndan gelir.<\/span><\/li>\n\n\n\n<li><span style=\"font-weight: 400;\">Yakla\u015f\u0131k 12\u201323 ay: birinci az\u0131lar ve k\u00f6pek di\u015fleri genellikle bu d\u00f6nemde \u00e7\u0131kar.<\/span><\/li>\n\n\n\n<li><span style=\"font-weight: 400;\">Yakla\u015f\u0131k 20\u201333 ay: ikinci az\u0131 di\u015fleri genellikle dizilimi tamamlar.<\/span><\/li>\n\n\n\n<li><span style=\"font-weight: 400;\">Yakla\u015f\u0131k 2\u00bd\u20133 ya\u015f: bir\u00e7ok \u00e7ocuk t\u00fcm 20 s\u00fct di\u015fine sahip olur.<\/span><\/li>\n<\/ul>\n\n\n\n<p><span style=\"font-weight: 400;\">Her di\u015f i\u00e7in kesin zaman aral\u0131klar\u0131n\u0131 istiyorsan\u0131z, di\u015f hekiminizden bir di\u015f \u00e7\u0131karma \u00e7izelgesi isteyin. \u00c7izelgeler \u00f6zellikle bo\u015fluklar, di\u015f s\u0131k\u0131\u015f\u0131kl\u0131\u011f\u0131 veya az\u0131 di\u015flerinin zamanlamas\u0131n\u0131 takip ediyorsan\u0131z faydal\u0131d\u0131r.<\/span><\/p>\n\n\n\n<h3 class=\"wp-block-heading\" id=\"7-4-kurali-neden-onemlidir\"><b>7\u20134 Kural\u0131 Neden \u00d6nemlidir?<\/b><\/h3>\n\n\n\n<p><span style=\"font-weight: 400;\"><a href=\"https:\/\/lygosdental.com\/tr\/cocuklar-icin-dis-bakimi\/\">S\u00fct di\u015fleri<\/a> \u201cal\u0131\u015ft\u0131rma di\u015fleri\u201d de\u011fildir. \u00c7ocuklar\u0131n rahat\u00e7a \u00e7i\u011fnemesine, net konu\u015fmas\u0131na ve kal\u0131c\u0131 di\u015flerin yerle\u015fimine rehberlik ederler. E\u011fer di\u015f \u00e7\u0131karma beklenen zaman aral\u0131\u011f\u0131n\u0131n \u00e7ok d\u0131\u015f\u0131ndaysa, bu kontrol edilmesi gereken sorunlar\u0131n i\u015fareti olabilir\u2014\u00f6rne\u011fin engellenmi\u015f bir di\u015f, eksik bir di\u015f veya (daha nadiren) geli\u015fimi etkileyen t\u0131bbi ya da beslenme ile ilgili bir fakt\u00f6r.<\/span><\/p>\n\n\n\n<p><span style=\"font-weight: 400;\">Bu kural ayn\u0131 zamanda erken \u00f6nleyici bak\u0131m\u0131 te\u015fvik etti\u011fi i\u00e7in de faydal\u0131d\u0131r. H\u0131zl\u0131 bir \u00e7ocuk di\u015f hekimi ziyareti erken \u00e7\u00fcr\u00fckleri tespit edebilir, <a href=\"https:\/\/lygosdental.com\/tr\/cocuklariniza-dis-fircalamayi-nasil-ogretirsiniz\/\">f\u0131r\u00e7alama<\/a> tekni\u011fini g\u00f6zden ge\u00e7irebilir ve ebeveynlerin sorunlar ac\u0131 verici h\u00e2le gelmeden \u00f6nce bunlar\u0131n \u00f6n\u00fcne ge\u00e7mesine yard\u0131mc\u0131 olabilir.<\/span><\/p>\n\n\n\n<h2 class=\"wp-block-heading\" id=\"cocuk-dis-hekimine-ne-zaman-gidilmeli\"><b>\u00c7ocuk Di\u015f Hekimine Ne Zaman Gidilmeli?<\/b><\/h2>\n\n\n\n<figure class=\"wp-block-image\"><img decoding=\"async\" src=\"https:\/\/lygosdental.com\/\/wp-content\/uploads\/2025\/12\/How-to-Protect-Childrens-Dental-Health-768x512.webp\" alt=\"\u00c7ocuklar\u0131n Di\u015f Sa\u011fl\u0131\u011f\u0131 Nas\u0131l Korunur\" title=\"\"><\/figure>\n\n\n\n<p><\/p>\n\n\n\n<p><span style=\"font-weight: 400;\">Bir di\u015f hekimi, \u00e7ocu\u011funuz i\u00e7in zamanlaman\u0131n normal oldu\u011funu onaylayabilir veya ola\u011fan d\u0131\u015f\u0131 bir durum varsa bunu ara\u015ft\u0131rabilir. A\u015fa\u011f\u0131daki durumlardan herhangi biri ge\u00e7erliyse daha erken randevu almay\u0131 d\u00fc\u015f\u00fcn\u00fcn:<\/span><\/p>\n\n\n\n<ul class=\"wp-block-list\">\n<li><span style=\"font-weight: 400;\">12 aya kadar hi\u00e7bir di\u015f \u00e7\u0131kmam\u0131\u015fsa ya da di\u015f \u00e7\u0131karma ba\u015flad\u0131ktan sonra aniden durduysa.<\/span><\/li>\n\n\n\n<li><span style=\"font-weight: 400;\">Bir di\u015f \u00e7\u0131kmakta zorlan\u0131yor gibi g\u00f6r\u00fcn\u00fcyorsa (di\u015f eti haftalarca \u015fi\u015f kal\u0131yor) ya da al\u0131\u015f\u0131lmad\u0131k bir konumda \u00e7\u0131k\u0131yorsa.<\/span><\/li>\n\n\n\n<li><span style=\"font-weight: 400;\">\u00c7ocu\u011funuzda a\u011fr\u0131, \u015fi\u015flik, ate\u015f veya enfeksiyonu d\u00fc\u015f\u00fcnd\u00fcrebilecek k\u00f6t\u00fc bir tat varsa.<\/span><\/li>\n\n\n\n<li><span style=\"font-weight: 400;\">\u00c7\u00fcr\u00fck ya da yaralanma nedeniyle bir s\u00fct di\u015fi erken kaybedildiyse.<\/span><\/li>\n\n\n\n<li><span style=\"font-weight: 400;\">S\u00fcrekli a\u011f\u0131zdan nefes alma, bebeklik d\u00f6neminden sonra parmak emme veya \u00e7ene geli\u015fimini etkileyen ba\u015fka al\u0131\u015fkanl\u0131klar fark ediyorsan\u0131z.<\/span><\/li>\n<\/ul>\n\n\n\n<p><span style=\"font-weight: 400;\">Bir\u00e7ok \u00e7ocuk di\u015f hekimli\u011fi ekibi, ilk di\u015f hekimi ziyaretinin bir ya\u015f\u0131nda veya ilk di\u015ften sonraki alt\u0131 ay i\u00e7inde yap\u0131lmas\u0131n\u0131 \u00f6nerir. Bu ilk randevu genellikle k\u0131sa ve yumu\u015fakt\u0131r, ve ileride stresiz kontroller i\u00e7in temel olu\u015fturur.<\/span><\/p>\n\n\n\n<h2 class=\"wp-block-heading\" id=\"cocugunuzun-dislerini-bastan-nasil-koruyabilirsiniz\"><b>\u00c7ocu\u011funuzun Di\u015flerini Ba\u015ftan Nas\u0131l Koruyabilirsiniz?<\/b><\/h2>\n\n\n\n<h3 class=\"wp-block-heading\" id=\"gunluk-temizlik\"><b>G\u00fcnl\u00fck Temizlik<\/b><\/h3>\n\n\n\n<p><span style=\"font-weight: 400;\">\u0130lk di\u015f \u00e7\u0131kar \u00e7\u0131kmaz temizli\u011fe ba\u015flay\u0131n. Yumu\u015fak, ya\u015fa uygun bir <a href=\"https:\/\/lygosdental.com\/tr\/dis-fircasi-olmadan-dislerinizi-nasil-temizlersiniz\/\">di\u015f f\u0131r\u00e7as\u0131<\/a> ve az miktarda flor\u00fcrl\u00fc <a href=\"https:\/\/lygosdental.com\/tr\/puf-noktalari-dis-macununuzu-unuttunuz-simdi-ne-yapacaksiniz\/\">di\u015f macunu<\/a> kullan\u0131n. \u00c7ocu\u011funuz t\u00fck\u00fcrmeyi \u00f6\u011frendi\u011finde (genellikle 3 ya\u015f civar\u0131nda) bezelye b\u00fcy\u00fckl\u00fc\u011f\u00fcnde bir miktara ge\u00e7ebilirsiniz.<\/span><\/p>\n\n\n\n<h3 class=\"wp-block-heading\" id=\"yiyecek-ve-icecekler\"><b>Yiyecek ve \u0130\u00e7ecekler<\/b><\/h3>\n\n\n\n<p><span style=\"font-weight: 400;\">S\u0131k \u015feker t\u00fcketimi, ara s\u0131ra t\u00fcketilenden daha b\u00fcy\u00fck bir risktir. Tatl\u0131 i\u00e7ecekleri ve at\u0131\u015ft\u0131rmal\u0131klar\u0131 m\u00fcmk\u00fcnse yemek saatlerine b\u0131rak\u0131n ve \u00f6\u011f\u00fcnler aras\u0131nda su verin. \u00c7ocu\u011funuzu s\u00fct veya meyve suyu dolu bir biberonla uyutmay\u0131n, \u00e7\u00fcnk\u00fc \u015feker di\u015flerde saatlerce kalabilir.<\/span><\/p>\n\n\n\n<h3 class=\"wp-block-heading\" id=\"duzenli-kontroller\"><b>D\u00fczenli Kontroller<\/b><\/h3>\n\n\n\n<p><span style=\"font-weight: 400;\">Rutin ziyaretler di\u015f \u00e7\u0131k\u0131\u015f\u0131n\u0131 izlemeye, \u0131s\u0131r\u0131k geli\u015fimini de\u011ferlendirmeye ve erken \u00e7\u00fcr\u00fck belirtilerini tespit etmeye yard\u0131mc\u0131 olur. Di\u015f hekiminiz ayr\u0131ca flor\u00fcr verni\u011fi ve daha sonra kal\u0131c\u0131 az\u0131 di\u015fleri \u00e7\u0131kt\u0131\u011f\u0131nda fiss\u00fcr \u00f6rt\u00fcc\u00fc \u00f6nerebilir.<\/span><\/p>\n\n\n\n<h2 class=\"wp-block-heading\" id=\"sik-sorulan-sorular\"><b>S\u0131k Sorulan Sorular<\/b><\/h2>\n\n\n<div id=\"rank-math-faq\" class=\"rank-math-block\">\n<div class=\"rank-math-list \">\n<div id=\"faq-question-1771663587234\" class=\"rank-math-list-item\">\n<h3 class=\"rank-math-question \">Alveoler ark nedir?<\/h3>\n<div class=\"rank-math-answer \">\n\n<p>Alveoler ark, di\u015f yuvalar\u0131n\u0131 i\u00e7eren \u00e7enenin kavisli kemik s\u0131rt\u0131d\u0131r.<\/p>\n\n<\/div>\n<\/div>\n<div id=\"faq-question-1771663612871\" class=\"rank-math-list-item\">\n<h3 class=\"rank-math-question \">Alveoler kemi\u011fin di\u015flerdeki i\u015flevi nedir?<\/h3>\n<div class=\"rank-math-answer \">\n\n<p>Alveoler kemik di\u015fleri sabitler ve \u00e7i\u011fneme kuvvetlerini s\u00f6n\u00fcmler.<\/p>\n\n<\/div>\n<\/div>\n<div id=\"faq-question-1771663617757\" class=\"rank-math-list-item\">\n<h3 class=\"rank-math-question \">Alveoler kretin birincil i\u015flevi nedir?<\/h3>\n<div class=\"rank-math-answer \">\n\n<p>Alveoler kret di\u015fler ve protezler i\u00e7in kemik temel sa\u011flar.<\/p>\n\n<\/div>\n<\/div>\n<div id=\"faq-question-1771663622048\" class=\"rank-math-list-item\">\n<h3 class=\"rank-math-question \">Alveoler \u00e7\u0131k\u0131nt\u0131n\u0131n i\u015flevi nedir?<\/h3>\n<div class=\"rank-math-answer \">\n\n<p>Alveoler \u00e7\u0131k\u0131nt\u0131 di\u015f yuvalar\u0131n\u0131 olu\u015fturur ve \u00e7enede di\u015f deste\u011fini korur.<\/p>\n\n<\/div>\n<\/div>\n<div id=\"faq-question-1771663627138\" class=\"rank-math-list-item\">\n<h3 class=\"rank-math-question \">Dentalde alveoler ne anlama gelir?<\/h3>\n<div class=\"rank-math-answer \">\n\n<p>Alveoler, di\u015f yuvalar\u0131 ve \u00e7evresindeki destekleyici \u00e7ene kemi\u011fiyle ilgilidir.<\/p>\n\n<\/div>\n<\/div>\n<div id=\"faq-question-1771663633382\" class=\"rank-math-list-item\">\n<h3 class=\"rank-math-question \">Alveoler kemik kaybedilince ne olur?<\/h3>\n<div class=\"rank-math-answer \">\n\n<p>Alveoler kemik kayb\u0131 di\u015f gev\u015femesi, kret rezorpsiyonu ve zor implantlara yol a\u00e7ar.<\/p>\n\n<\/div>\n<\/div>\n<\/div>\n<\/div>","protected":false},"excerpt":{"rendered":"<p>Pediatrik di\u015f hekimli\u011finde 7-4 Kural\u0131, \u00e7ocu\u011fun ilk di\u015f hekimi ziyaretinin 1 ya\u015f\u0131nda veya ilk di\u015finin \u00e7\u0131kmas\u0131ndan sonraki 6 ay i\u00e7inde yap\u0131lmas\u0131n\u0131 \u00f6nerir.<\/p>\n","protected":false},"author":7,"featured_media":44189,"comment_status":"open","ping_status":"open","sticky":false,"template":"","format":"standard","meta":{"_acf_changed":false,"footnotes":""},"categories":[288,287],"tags":[],"class_list":["post-1093","post","type-post","status-publish","format-standard","has-post-thumbnail","hentry","category-blog","category-genel-dis-hekimligi"],"acf":[],"_links":{"self":[{"href":"https:\/\/lygosdental.com\/tr\/wp-json\/wp\/v2\/posts\/1093","targetHints":{"allow":["GET"]}}],"collection":[{"href":"https:\/\/lygosdental.com\/tr\/wp-json\/wp\/v2\/posts"}],"about":[{"href":"https:\/\/lygosdental.com\/tr\/wp-json\/wp\/v2\/types\/post"}],"author":[{"embeddable":true,"href":"https:\/\/lygosdental.com\/tr\/wp-json\/wp\/v2\/users\/7"}],"replies":[{"embeddable":true,"href":"https:\/\/lygosdental.com\/tr\/wp-json\/wp\/v2\/comments?post=1093"}],"version-history":[{"count":1,"href":"https:\/\/lygosdental.com\/tr\/wp-json\/wp\/v2\/posts\/1093\/revisions"}],"predecessor-version":[{"id":3875,"href":"https:\/\/lygosdental.com\/tr\/wp-json\/wp\/v2\/posts\/1093\/revisions\/3875"}],"wp:featuredmedia":[{"embeddable":true,"href":"https:\/\/lygosdental.com\/tr\/wp-json\/wp\/v2\/media\/44189"}],"wp:attachment":[{"href":"https:\/\/lygosdental.com\/tr\/wp-json\/wp\/v2\/media?parent=1093"}],"wp:term":[{"taxonomy":"category","embeddable":true,"href":"https:\/\/lygosdental.com\/tr\/wp-json\/wp\/v2\/categories?post=1093"},{"taxonomy":"post_tag","embeddable":true,"href":"https:\/\/lygosdental.com\/tr\/wp-json\/wp\/v2\/tags?post=1093"}],"curies":[{"name":"wp","href":"https:\/\/api.w.org\/{rel}","templated":true}]}}