{"id":1072,"date":"2025-12-08T11:21:47","date_gmt":"2025-12-08T11:21:47","guid":{"rendered":"https:\/\/lygosdental.com\/alveolar-ark-agiz-sagligi-ve-islevindeki-rolu\/"},"modified":"2026-03-16T06:39:20","modified_gmt":"2026-03-16T06:39:20","slug":"alveolar-ark-agiz-sagligi-ve-islevindeki-rolu","status":"publish","type":"post","link":"https:\/\/lygosdental.com\/tr\/alveolar-ark-agiz-sagligi-ve-islevindeki-rolu\/","title":{"rendered":"Alveolar Ark: A\u011f\u0131z Sa\u011fl\u0131\u011f\u0131 ve \u0130\u015flevindeki Rol\u00fc"},"content":{"rendered":"\n<h2 class=\"wp-block-heading\" id=\"alveolar-kemer-agiz-sagligi-ve-fonksiyonundaki-rolu\"><b>Alveolar Kemer: A\u011f\u0131z Sa\u011fl\u0131\u011f\u0131 ve Fonksiyonundaki Rol\u00fc<\/b><\/h2>\n\n\n\n<p><span style=\"font-weight: 400;\">Alveolar kemer, \u00fcst ve alt \u00e7ene kemiklerinin di\u015f ta\u015f\u0131yan k\u0131sm\u0131d\u0131r. Her bir di\u015fi yuvas\u0131nda tutar, \u00e7i\u011fneme kuvvetlerinin \u0131s\u0131r\u0131kla dengeli da\u011f\u0131lmas\u0131na yard\u0131mc\u0131 olur ve dudaklar ile alt y\u00fcz\u00fcn \u015feklini destekler. Kemer kemik kayb\u0131na u\u011frad\u0131\u011f\u0131nda \u2014 genellikle di\u015f eti hastal\u0131\u011f\u0131 veya eksik di\u015fler nedeniyle \u2014 di\u015fler kayabilir, gev\u015feyebilir ve fonksiyon bozulabilir.<\/span><\/p>\n\n\n\n<p><span style=\"font-weight: 400;\">\u00c7o\u011fu insan a\u011f\u0131z sa\u011fl\u0131\u011f\u0131n\u0131 di\u015fler ve di\u015f etleri olarak d\u00fc\u015f\u00fcn\u00fcr, ancak bu dokular gizli bir temele dayan\u0131r: alveolar kemer. Bu kavisli kemik \u00e7\u0131k\u0131nt\u0131s\u0131 di\u015f yuvalar\u0131n\u0131 destekler, \u00fcst ve alt di\u015flerin nas\u0131l temas etti\u011fini y\u00f6nlendirir ve \u00e7i\u011fneme ile konu\u015fmada do\u011frudan rol oynar.<\/span><\/p>\n\n\n\n<p><span style=\"font-weight: 400;\">Alveolar kemer g\u00fcnl\u00fck kuvvetlere yan\u0131t verdi\u011finden, sa\u011fl\u0131kl\u0131 uyar\u0131mla g\u00fc\u00e7lenebilir ve <a href=\"https:\/\/lygosdental.com\/tr\/bebek-disleri-tedavi-edilebilir-mi\/\">di\u015f kayb\u0131<\/a> veya s\u00fcregelen iltihap durumunda k\u00fc\u00e7\u00fclebilir. Bu yap\u0131y\u0131 anlamak, zaman\u0131nda periodontal bak\u0131m\u0131n, di\u015f eksikli\u011fi tedavisinin ve ortodontik planlaman\u0131n neden \u00f6nemli oldu\u011funu a\u00e7\u0131klamaya yard\u0131mc\u0131 olur.<\/span><\/p>\n\n\n\n<h2 class=\"wp-block-heading\" id=\"alveolar-kemer-nedir\"><b>Alveolar Kemer Nedir?<\/b><\/h2>\n\n\n\n<p><span style=\"font-weight: 400;\">Alveolar kemer, di\u015f yuvalar\u0131n\u0131 (alveol) i\u00e7eren maksilla (\u00fcst \u00e7ene) ve mandibula (alt \u00e7ene) kemiklerinin kemiksi \u00e7\u0131k\u0131nt\u0131s\u0131d\u0131r. Her di\u015f k\u00f6k\u00fc kendi yuvas\u0131na oturur, periodontal ba\u011f lifleriyle sabitlenir ve alveolar kemikle \u00e7evrilidir.<\/span><\/p>\n\n\n\n<p><span style=\"font-weight: 400;\">Klinisyenler ayr\u0131ca, \u00e7enenin di\u015f ta\u015f\u0131yan k\u0131sm\u0131 olan alveolar \u00e7\u0131k\u0131nt\u0131 (alveolar proses) ve di\u015fleri \u00e7evreleyen kemi\u011fin en y\u00fcksek kenar\u0131 olan alveolar s\u0131rt\/tepe gibi terimler de kullanabilir. Bu yap\u0131lar birlikte, stabil ve konforlu bir fonksiyon i\u00e7in gereken deste\u011fi sa\u011flar.<\/span><\/p>\n\n\n\n<h2 class=\"wp-block-heading\" id=\"alveolar-kemer-neden-onemlidir\"><b>Alveolar Kemer Neden \u00d6nemlidir?<\/b><\/h2>\n\n\n\n<figure class=\"wp-block-image\"><img decoding=\"async\" src=\"https:\/\/lygosdental.com\/\/wp-content\/uploads\/2025\/12\/Why-the-Alveolar-Arch-Matters-768x512.webp\" alt=\"Alveolar Kemer Neden \u00d6nemlidir\" title=\"\"><\/figure>\n\n\n\n<div class=\"wp-block-rank-math-toc-block\" id=\"rank-math-toc\"><h2>\u0130\u00e7indekiler<\/h2><nav><ul><li class=\"\"><a href=\"#alveolar-kemer-agiz-sagligi-ve-fonksiyonundaki-rolu\">Alveolar Kemer: A\u011f\u0131z Sa\u011fl\u0131\u011f\u0131 ve Fonksiyonundaki Rol\u00fc<\/a><\/li><li class=\"\"><a href=\"#alveolar-kemer-nedir\">Alveolar Kemer Nedir?<\/a><\/li><li class=\"\"><a href=\"#alveolar-kemer-neden-onemlidir\">Alveolar Kemer Neden \u00d6nemlidir?<\/a><ul><li class=\"\"><a href=\"#dislerin-stabil-kalmasini-saglar\">Di\u015flerin Stabil Kalmas\u0131n\u0131 Sa\u011flar<\/a><\/li><li class=\"\"><a href=\"#yuz-seklinin-korunmasina-yardimci-olur\">Y\u00fcz \u015eeklinin Korunmas\u0131na Yard\u0131mc\u0131 Olur<\/a><\/li><li class=\"\"><a href=\"#dengeli-bir-isirigi-destekler\">Dengeli Bir Is\u0131r\u0131\u011f\u0131 Destekler<\/a><\/li><li class=\"\"><a href=\"#konusma-ve-cignemeyi-etkiler\">Konu\u015fma ve \u00c7i\u011fnemeyi Etkiler<\/a><\/li><\/ul><\/li><li class=\"\"><a href=\"#alveolar-kemer-nasil-gelisir\">Alveolar Kemer Nas\u0131l Geli\u015fir?<\/a><\/li><li class=\"\"><a href=\"#alveolar-kemeri-etkileyen-yaygin-sorunlar\">Alveolar Kemeri Etkileyen Yayg\u0131n Sorunlar<\/a><ul><li class=\"\"><a href=\"#periodontal-hastalik-ve-kemik-kaybi\">Periodontal Hastal\u0131k ve Kemik Kayb\u0131<\/a><\/li><li class=\"\"><a href=\"#dis-kaybi-cekimler-ve-travma\">Di\u015f Kayb\u0131, \u00c7ekimler ve Travma<\/a><\/li><li class=\"\"><a href=\"#gelisimsel-farkliliklar\">Geli\u015fimsel Farkl\u0131l\u0131klar<\/a><\/li><li class=\"\"><a href=\"#ortodontik-ve-kapanis-sorunlari\">Ortodontik ve Kapan\u0131\u015f Sorunlar\u0131<\/a><\/li><\/ul><\/li><li class=\"\"><a href=\"#dis-hekimleri-alveolar-kemeri-nasil-degerlendirir\">Di\u015f Hekimleri Alveolar Kemeri Nas\u0131l De\u011ferlendirir?<\/a><\/li><li class=\"\"><a href=\"#tedavi-secenekleri\">Tedavi Se\u00e7enekleri<\/a><ul><li class=\"\"><a href=\"#periodontal-tedavi\">Periodontal Tedavi<\/a><\/li><li class=\"\"><a href=\"#ortodontik-genisletme-ve-hizalama\">Ortodontik Geni\u015fletme ve Hizalama<\/a><\/li><li class=\"\"><a href=\"#kemik-grefti\">Kemik Grefti<\/a><\/li><li class=\"\"><a href=\"#dis-implantlari-ve-restorasyonlar\">Di\u015f \u0130mplantlar\u0131 ve Restorasyonlar<\/a><\/li><\/ul><\/li><li class=\"\"><a href=\"#alveolar-kemeri-nasil-koruyabilirsiniz\">Alveolar Kemeri Nas\u0131l Koruyabilirsiniz?<\/a><\/li><li class=\"\"><a href=\"#ne-zaman-profesyonel-yardim-alinmali\">Ne Zaman Profesyonel Yard\u0131m Al\u0131nmal\u0131?<\/a><\/li><li class=\"\"><a href=\"#sikca-sorulan-sorular\">S\u0131k\u00e7a Sorulan Sorular<\/a><ul><li class=\"\"><a href=\"#faq-question-1771661425818\">Alveoler ark nedir?<\/a><\/li><li class=\"\"><a href=\"#faq-question-1771661486241\">Alveoler kemi\u011fin di\u015flerdeki i\u015flevi nedir?<\/a><\/li><li class=\"\"><a href=\"#faq-question-1771661497743\">Alveoler kretin birincil i\u015flevi nedir?<\/a><\/li><li class=\"\"><a href=\"#faq-question-1771661504277\">Alveoler \u00e7\u0131k\u0131nt\u0131n\u0131n i\u015flevi nedir?<\/a><\/li><li class=\"\"><a href=\"#faq-question-1771661509266\">Dentalde alveoler ne anlama gelir?<\/a><\/li><li class=\"\"><a href=\"#faq-question-1771661515042\">Alveoler kemik kaybedilince ne olur?<\/a><\/li><\/ul><\/li><\/ul><\/nav><\/div>\n\n\n\n<h3 class=\"wp-block-heading\" id=\"dislerin-stabil-kalmasini-saglar\"><b>Di\u015flerin Stabil Kalmas\u0131n\u0131 Sa\u011flar<\/b><\/h3>\n\n\n\n<p><span style=\"font-weight: 400;\">Sa\u011fl\u0131kl\u0131 alveolar kemik, k\u00f6klerin \u00e7evresinde sa\u011flam bir destek sa\u011flar. Kemik y\u00fcksekli\u011fi veya yo\u011funlu\u011fu azald\u0131\u011f\u0131nda, di\u015fler gev\u015feyebilir, yer de\u011fi\u015ftirebilir veya \u0131s\u0131rma kuvvetlerine kar\u015f\u0131 daha hassas hale gelebilir.<\/span><\/p>\n\n\n\n<h3 class=\"wp-block-heading\" id=\"yuz-seklinin-korunmasina-yardimci-olur\"><b>Y\u00fcz \u015eeklinin Korunmas\u0131na Yard\u0131mc\u0131 Olur<\/b><\/h3>\n\n\n\n<p><span style=\"font-weight: 400;\">Kemer, a\u011f\u0131z ve alt y\u00fcz\u00fcn yumu\u015fak dokular\u0131n\u0131 destekler. Di\u015f kayb\u0131 veya ileri di\u015f eti hastal\u0131\u011f\u0131 sonras\u0131 kemik kayb\u0131, zamanla dudaklar ve yanaklar \u00e7evresinde daha d\u00fcz bir y\u00fcz profiline neden olabilir.<\/span><\/p>\n\n\n\n<h3 class=\"wp-block-heading\" id=\"dengeli-bir-isirigi-destekler\"><b>Dengeli Bir Is\u0131r\u0131\u011f\u0131 Destekler<\/b><\/h3>\n\n\n\n<p><span style=\"font-weight: 400;\">\u00dcst ve alt kemerlerin boyutu ve e\u011frili\u011fi, di\u015flerin nas\u0131l temas etti\u011fini etkiler. Dar bir kemer s\u0131k\u0131\u015f\u0131kl\u0131\u011f\u0131 art\u0131rabilirken, d\u00fczensiz bir kemer yap\u0131s\u0131 \u00e7apraz kapan\u0131\u015f, a\u00e7\u0131k kapan\u0131\u015f veya a\u015f\u0131r\u0131 di\u015f a\u015f\u0131nmas\u0131na neden olabilir.<\/span><\/p>\n\n\n\n<h3 class=\"wp-block-heading\" id=\"konusma-ve-cignemeyi-etkiler\"><b>Konu\u015fma ve \u00c7i\u011fnemeyi Etkiler<\/b><\/h3>\n\n\n\n<p><span style=\"font-weight: 400;\">Kemer, dil alan\u0131n\u0131 ve \u00e7i\u011fneme yolunu y\u00f6nlendirir. Kemer d\u00fczensiz oldu\u011funda veya di\u015fler kayd\u0131\u011f\u0131nda baz\u0131 seslerin net \u00e7\u0131kar\u0131lmas\u0131 zorla\u015fabilir ve yiyecekler yeterince iyi par\u00e7alanmayabilir.<\/span><\/p>\n\n\n\n<h2 class=\"wp-block-heading\" id=\"alveolar-kemer-nasil-gelisir\"><b>Alveolar Kemer Nas\u0131l Geli\u015fir?<\/b><\/h2>\n\n\n\n<figure class=\"wp-block-image\"><img decoding=\"async\" src=\"https:\/\/lygosdental.com\/\/wp-content\/uploads\/2025\/12\/How-the-Alveolar-Arch-Develops-768x512.webp\" alt=\"Alveolar Kemer Nas\u0131l Geli\u015fir\" title=\"\"><\/figure>\n\n\n\n<p><\/p>\n\n\n\n<p><span style=\"font-weight: 400;\">Kemer geli\u015fimi, s\u00fct di\u015flerinin \u00e7\u0131kmas\u0131yla ba\u015flar ve \u00e7eneler b\u00fcy\u00fcd\u00fck\u00e7e, kal\u0131c\u0131 di\u015flerin gelmesiyle ergenlik boyunca devam eder. Genetik, kemerin \u015feklini etkiler ancak al\u0131\u015fkanl\u0131klar \u00f6zellikle b\u00fcy\u00fcme d\u00f6neminde bunu de\u011fi\u015ftirebilir.<\/span><\/p>\n\n\n\n<ul class=\"wp-block-list\">\n<li><span style=\"font-weight: 400;\">Parmak emme veya uzun s\u00fcreli emzik kullan\u0131m\u0131 (\u00fcst kemerin daralmas\u0131na neden olabilir)<\/span><\/li>\n\n\n\n<li><span style=\"font-weight: 400;\">A\u011f\u0131zdan soluma ve kronik burun t\u0131kan\u0131kl\u0131\u011f\u0131 (\u00e7ene duru\u015funu ve kemer \u015feklini etkileyebilir)<\/span><\/li>\n\n\n\n<li><span style=\"font-weight: 400;\">Erken di\u015f kayb\u0131 (kom\u015fu di\u015flerin kaymas\u0131na yol a\u00e7abilir)<\/span><\/li>\n<\/ul>\n\n\n\n<p><span style=\"font-weight: 400;\">Yeti\u015fkinlikte alveolar kemik biyolojik olarak aktif kal\u0131r. Sa\u011fl\u0131kl\u0131 \u00e7i\u011fneme kuvvetleri ve periodontal sa\u011fl\u0131kla korunur, di\u015flerin eksik oldu\u011fu b\u00f6lgelerde ise genellikle geriler.<\/span><\/p>\n\n\n\n<h2 class=\"wp-block-heading\" id=\"alveolar-kemeri-etkileyen-yaygin-sorunlar\"><b>Alveolar Kemeri Etkileyen Yayg\u0131n Sorunlar<\/b><\/h2>\n\n\n\n<h3 class=\"wp-block-heading\" id=\"periodontal-hastalik-ve-kemik-kaybi\"><b>Periodontal Hastal\u0131k ve Kemik Kayb\u0131<\/b><\/h3>\n\n\n\n<p><span style=\"font-weight: 400;\">Tedavi edilmeyen di\u015f eti hastal\u0131\u011f\u0131, destekleyici dokular\u0131 yok ederek alveolar kemik y\u00fcksekli\u011fini azaltabilir. Destek azald\u0131k\u00e7a, di\u015fler hareket edebilir ve \u0131s\u0131rma ili\u015fkileri de\u011fi\u015febilir.<\/span><\/p>\n\n\n\n<h3 class=\"wp-block-heading\" id=\"dis-kaybi-cekimler-ve-travma\"><b>Di\u015f Kayb\u0131, \u00c7ekimler ve Travma<\/b><\/h3>\n\n\n\n<p><span style=\"font-weight: 400;\">Bir di\u015f \u00e7ekildikten sonra, o b\u00f6lgedeki kemik genellikle k\u00fc\u00e7\u00fcl\u00fcr, \u00f6zellikle ilk aylarda. Zaman\u0131nda bir tedavi plan\u0131 olmadan, kemer hacim kaybedebilir ve gelecekteki implant veya protez uygulamalar\u0131 zorla\u015fabilir.<\/span><\/p>\n\n\n\n<h3 class=\"wp-block-heading\" id=\"gelisimsel-farkliliklar\"><b>Geli\u015fimsel Farkl\u0131l\u0131klar<\/b><\/h3>\n\n\n\n<p><span style=\"font-weight: 400;\">Baz\u0131 insanlar do\u011fal olarak daha dar veya daha geni\u015f kemerlere sahiptir; bu durum bo\u015fluk, di\u015f s\u0131k\u0131\u015f\u0131kl\u0131\u011f\u0131 ve hava yolu konforunu etkileyebilir. \u00c7ocukluk d\u00f6neminde yap\u0131lan erken de\u011ferlendirmeler, ortodontik zamanlamay\u0131 y\u00f6nlendirmeye ve komplikasyonlar\u0131 azaltmaya yard\u0131mc\u0131 olabilir.<\/span><\/p>\n\n\n\n<h3 class=\"wp-block-heading\" id=\"ortodontik-ve-kapanis-sorunlari\"><b>Ortodontik ve Kapan\u0131\u015f Sorunlar\u0131<\/b><\/h3>\n\n\n\n<p><span style=\"font-weight: 400;\">\u00c7apraz kapan\u0131\u015flar, s\u0131k\u0131\u015f\u0131kl\u0131k ve a\u00e7\u0131k kapan\u0131\u015flar genellikle kemerin geli\u015fimi ve di\u015flerin \u00e7\u0131k\u0131\u015f \u015fekliyle ilgilidir. Ortodontik tedavi, di\u015fleri kemik s\u0131n\u0131rlar\u0131na sayg\u0131 g\u00f6stererek, stabil bir kemer formuna g\u00f6re hizalamay\u0131 hedefler.<\/span><\/p>\n\n\n\n<h2 class=\"wp-block-heading\" id=\"dis-hekimleri-alveolar-kemeri-nasil-degerlendirir\"><b>Di\u015f Hekimleri Alveolar Kemeri Nas\u0131l De\u011ferlendirir?<\/b><\/h2>\n\n\n\n<figure class=\"wp-block-image\"><img decoding=\"async\" src=\"https:\/\/lygosdental.com\/\/wp-content\/uploads\/2025\/12\/Treatment-Options-768x512.webp\" alt=\"Tedavi Se\u00e7enekleri\" title=\"\"><\/figure>\n\n\n\n<p><\/p>\n\n\n\n<p><span style=\"font-weight: 400;\"><a href=\"https:\/\/lygosdental.com\/tr\/turkiyedeki-en-iyi-dis-klinikleri\/\">Di\u015f hekimleri<\/a>, alveolar kemeri klinik muayene ve g\u00f6r\u00fcnt\u00fcleme ile de\u011ferlendirir. R\u00f6ntgenler kemik seviyelerini \u00f6l\u00e7meye ve k\u00f6k \u00e7evresindeki de\u011fi\u015fiklikleri saptamaya yard\u0131mc\u0131 olur; implant, greft veya karma\u015f\u0131k <a href=\"https:\/\/lygosdental.com\/tr\/ortodonti-lygos-dental\/\">ortodonti<\/a> planlamalar\u0131nda ise 3D g\u00f6r\u00fcnt\u00fcleme (CBCT) kullan\u0131labilir.<\/span><\/p>\n\n\n\n<p><span style=\"font-weight: 400;\">Di\u015f hekiminiz ayr\u0131ca di\u015f eti sa\u011fl\u0131\u011f\u0131n\u0131z\u0131, di\u015f hareketlili\u011fini, \u0131s\u0131rma temaslar\u0131n\u0131 ve di\u015f s\u0131kma veya g\u0131c\u0131rdatma gibi parafonksiyon belirtilerini de de\u011ferlendirir. Bu bulgular, koruma ve tedavi se\u00e7eneklerini belirlemede yol g\u00f6stericidir.<\/span><\/p>\n\n\n\n<h2 class=\"wp-block-heading\" id=\"tedavi-secenekleri\"><b>Tedavi Se\u00e7enekleri<\/b><\/h2>\n\n\n\n<h3 class=\"wp-block-heading\" id=\"periodontal-tedavi\"><b>Periodontal Tedavi<\/b><\/h3>\n\n\n\n<p><span style=\"font-weight: 400;\">Di\u015f eti iltihab\u0131n\u0131n erken tedavisi, kemik deste\u011finin korunmas\u0131na yard\u0131mc\u0131 olur. Duruma g\u00f6re, tedavi derin temizlik, hedefe y\u00f6nelik antimikrobiyal terapi ve d\u00fczenli bak\u0131m ziyaretlerini i\u00e7erebilir.<\/span><\/p>\n\n\n\n<h3 class=\"wp-block-heading\" id=\"ortodontik-genisletme-ve-hizalama\"><b>Ortodontik Geni\u015fletme ve Hizalama<\/b><\/h3>\n\n\n\n<p><span style=\"font-weight: 400;\">Kemer geni\u015fli\u011fi, s\u0131k\u0131\u015f\u0131kl\u0131k veya \u00e7apraz kapan\u0131\u015fa katk\u0131da bulunuyorsa, ortodontik ayg\u0131tlarla bo\u015fluk yarat\u0131labilir ve kemerlerin ili\u015fkisi iyile\u015ftirilebilir. Tedavi, di\u015flerin mevcut kemik i\u00e7inde g\u00fcvenle hareket ettirilmesini hedef al\u0131r.<\/span><\/p>\n\n\n\n<h3 class=\"wp-block-heading\" id=\"kemik-grefti\"><b>Kemik Grefti<\/b><\/h3>\n\n\n\n<p><span style=\"font-weight: 400;\">Kemik hacmi yetersizse \u2014 genellikle di\u015f kayb\u0131 veya uzun s\u00fcredir devam eden periodontal hastal\u0131k sonras\u0131 \u2014 greftleme ile kemer yeniden in\u015fa edilebilir. Bu i\u015flem, implantlar\u0131 desteklemek veya daha iyi i\u015flev ve estetik i\u00e7in kemer konturunu geri kazand\u0131rmak amac\u0131yla yap\u0131labilir.<\/span><\/p>\n\n\n\n<h3 class=\"wp-block-heading\" id=\"dis-implantlari-ve-restorasyonlar\"><b>Di\u015f \u0130mplantlar\u0131 ve Restorasyonlar<\/b><\/h3>\n\n\n\n<p><span style=\"font-weight: 400;\">\u0130mplantlar, \u00e7i\u011fneme kuvvetlerini \u00e7eneye ileterek kemik korumas\u0131na yard\u0131mc\u0131 olur; k\u00f6pr\u00fc veya protezler ise fonksiyonu geri kazand\u0131r\u0131r ve di\u015f kaymalar\u0131n\u0131 \u00f6nler. En uygun se\u00e7enek, kemik seviyesi, kapan\u0131\u015f ve genel sa\u011fl\u0131k fakt\u00f6rlerine ba\u011fl\u0131d\u0131r.<\/span><\/p>\n\n\n\n<h2 class=\"wp-block-heading\" id=\"alveolar-kemeri-nasil-koruyabilirsiniz\"><b>Alveolar Kemeri Nas\u0131l Koruyabilirsiniz?<\/b><\/h2>\n\n\n\n<p><span style=\"font-weight: 400;\">Alveolar kemeri korumak, iltihab\u0131 kontrol alt\u0131na almak ve di\u015f fonksiyonunu s\u00fcrd\u00fcrmekle ilgilidir. D\u00fczenli ev bak\u0131m\u0131, profesyonel temizlikler ve erken <a href=\"https:\/\/lygosdental.com\/tr\/dis-eti-iltihabi-belirtileri-dis-eti-iltihabi-belirtileri\/\">di\u015f eti kanamas\u0131<\/a> tedavisi en etkili ad\u0131mlard\u0131r.<\/span><\/p>\n\n\n\n<p><span style=\"font-weight: 400;\">Bir di\u015f kaybedilirse, kemik kayb\u0131n\u0131 azaltmak i\u00e7in \u00e7ekim sonras\u0131 erken d\u00f6nemde yedekleme zamanlamas\u0131n\u0131 hekiminizle g\u00f6r\u00fc\u015f\u00fcn. Di\u015flerini s\u0131kan bireylerde, gece pla\u011f\u0131 a\u015f\u0131r\u0131 kuvvetleri s\u0131n\u0131rlamaya yard\u0131mc\u0131 olabilir.<\/span><\/p>\n\n\n\n<h2 class=\"wp-block-heading\" id=\"ne-zaman-profesyonel-yardim-alinmali\"><b>Ne Zaman Profesyonel Yard\u0131m Al\u0131nmal\u0131?<\/b><\/h2>\n\n\n\n<p><span style=\"font-weight: 400;\">S\u00fcrekli di\u015f eti kanamas\u0131, gev\u015feyen di\u015fler, \u0131s\u0131r\u0131kta de\u011fi\u015fiklik veya \u00e7i\u011fneme g\u00fc\u00e7l\u00fc\u011f\u00fc fark ederseniz de\u011ferlendirme randevusu al\u0131n. Bu i\u015faretler, erken fark edildi\u011finde daha kolay y\u00f6netilebilecek kemik destek de\u011fi\u015fikliklerine i\u015faret edebilir.<\/span><\/p>\n\n\n\n<h2 class=\"wp-block-heading\" id=\"sikca-sorulan-sorular\"><b>S\u0131k\u00e7a Sorulan Sorular<\/b><\/h2>\n\n\n<div id=\"rank-math-faq\" class=\"rank-math-block\">\n<div class=\"rank-math-list \">\n<div id=\"faq-question-1771661425818\" class=\"rank-math-list-item\">\n<h3 class=\"rank-math-question \">Alveoler ark nedir?<\/h3>\n<div class=\"rank-math-answer \">\n\n<p>Alveoler ark, di\u015f yuvalar\u0131n\u0131 i\u00e7eren \u00e7enenin kavisli kemik s\u0131rt\u0131d\u0131r.<\/p>\n\n<\/div>\n<\/div>\n<div id=\"faq-question-1771661486241\" class=\"rank-math-list-item\">\n<h3 class=\"rank-math-question \">Alveoler kemi\u011fin di\u015flerdeki i\u015flevi nedir?<\/h3>\n<div class=\"rank-math-answer \">\n\n<p>Alveoler kemik di\u015fleri sabitler ve \u00e7i\u011fneme kuvvetlerini s\u00f6n\u00fcmler.<\/p>\n\n<\/div>\n<\/div>\n<div id=\"faq-question-1771661497743\" class=\"rank-math-list-item\">\n<h3 class=\"rank-math-question \">Alveoler kretin birincil i\u015flevi nedir?<\/h3>\n<div class=\"rank-math-answer \">\n\n<p>Alveoler kret di\u015fler ve protezler i\u00e7in kemik temel sa\u011flar.<\/p>\n\n<\/div>\n<\/div>\n<div id=\"faq-question-1771661504277\" class=\"rank-math-list-item\">\n<h3 class=\"rank-math-question \">Alveoler \u00e7\u0131k\u0131nt\u0131n\u0131n i\u015flevi nedir?<\/h3>\n<div class=\"rank-math-answer \">\n\n<p>Alveoler \u00e7\u0131k\u0131nt\u0131 di\u015f yuvalar\u0131n\u0131 olu\u015fturur ve \u00e7enede di\u015f deste\u011fini korur.<\/p>\n\n<\/div>\n<\/div>\n<div id=\"faq-question-1771661509266\" class=\"rank-math-list-item\">\n<h3 class=\"rank-math-question \">Dentalde alveoler ne anlama gelir?<\/h3>\n<div class=\"rank-math-answer \">\n\n<p>Alveoler, di\u015f yuvalar\u0131 ve \u00e7evresindeki destekleyici \u00e7ene kemi\u011fiyle ilgilidir.<\/p>\n\n<\/div>\n<\/div>\n<div id=\"faq-question-1771661515042\" class=\"rank-math-list-item\">\n<h3 class=\"rank-math-question \">Alveoler kemik kaybedilince ne olur?<\/h3>\n<div class=\"rank-math-answer \">\n\n<p>Alveoler kemik kayb\u0131 di\u015f gev\u015femesi, kret rezorpsiyonu ve zor implantlara yol a\u00e7ar.<\/p>\n\n<\/div>\n<\/div>\n<\/div>\n<\/div>","protected":false},"excerpt":{"rendered":"<p>Alveolar kemer, di\u015fleri yerinde tutan \u00e7ene kemi\u011finin kavisli k\u0131sm\u0131d\u0131r. Hem \u00fcst (maksiller) hem de alt (mandibular) \u00e7enede bulunur.<\/p>\n","protected":false},"author":7,"featured_media":44181,"comment_status":"open","ping_status":"open","sticky":false,"template":"","format":"standard","meta":{"_acf_changed":false,"footnotes":""},"categories":[288,287],"tags":[],"class_list":["post-1072","post","type-post","status-publish","format-standard","has-post-thumbnail","hentry","category-blog","category-genel-dis-hekimligi"],"acf":[],"_links":{"self":[{"href":"https:\/\/lygosdental.com\/tr\/wp-json\/wp\/v2\/posts\/1072","targetHints":{"allow":["GET"]}}],"collection":[{"href":"https:\/\/lygosdental.com\/tr\/wp-json\/wp\/v2\/posts"}],"about":[{"href":"https:\/\/lygosdental.com\/tr\/wp-json\/wp\/v2\/types\/post"}],"author":[{"embeddable":true,"href":"https:\/\/lygosdental.com\/tr\/wp-json\/wp\/v2\/users\/7"}],"replies":[{"embeddable":true,"href":"https:\/\/lygosdental.com\/tr\/wp-json\/wp\/v2\/comments?post=1072"}],"version-history":[{"count":1,"href":"https:\/\/lygosdental.com\/tr\/wp-json\/wp\/v2\/posts\/1072\/revisions"}],"predecessor-version":[{"id":3853,"href":"https:\/\/lygosdental.com\/tr\/wp-json\/wp\/v2\/posts\/1072\/revisions\/3853"}],"wp:featuredmedia":[{"embeddable":true,"href":"https:\/\/lygosdental.com\/tr\/wp-json\/wp\/v2\/media\/44181"}],"wp:attachment":[{"href":"https:\/\/lygosdental.com\/tr\/wp-json\/wp\/v2\/media?parent=1072"}],"wp:term":[{"taxonomy":"category","embeddable":true,"href":"https:\/\/lygosdental.com\/tr\/wp-json\/wp\/v2\/categories?post=1072"},{"taxonomy":"post_tag","embeddable":true,"href":"https:\/\/lygosdental.com\/tr\/wp-json\/wp\/v2\/tags?post=1072"}],"curies":[{"name":"wp","href":"https:\/\/api.w.org\/{rel}","templated":true}]}}